{"id":103709,"date":"2018-03-06T11:21:48","date_gmt":"2018-03-06T10:21:48","guid":{"rendered":"http:\/\/comunicacion.umh.es\/?p=103709"},"modified":"2018-03-06T12:26:20","modified_gmt":"2018-03-06T11:26:20","slug":"la-profesora-maria-angeles-gomez-participa-en-la-organizacion-del-xiv-congreso-sociedad-espanola-de-contracepcion","status":"publish","type":"post","link":"https:\/\/comunicacion.umh.es\/ca\/2018\/03\/06\/la-profesora-maria-angeles-gomez-participa-en-la-organizacion-del-xiv-congreso-sociedad-espanola-de-contracepcion\/","title":{"rendered":"<span lang=\"es\">(Espa\u00f1ol) La profesora Mar\u00eda \u00c1ngeles G\u00f3mez participa en la organizaci\u00f3n del XIV Congreso Sociedad Espa\u00f1ola de Contracepci\u00f3n<\/span>"},"content":{"rendered":"<p class=\"qtranxs-available-languages-message qtranxs-available-languages-message-ca\">Ho sent, per\u00f2 aquesta entrada nom\u00e9s est\u00e0 disponible en <a href=\"https:\/\/comunicacion.umh.es\/es\/wp-json\/wp\/v2\/posts\/103709\" class=\"qtranxs-available-language-link qtranxs-available-language-link-es\" title=\"Espa\u00f1ol\">Espanyol Europeu<\/a>.<\/p>","protected":false},"excerpt":{"rendered":"<p>Ho sent, per\u00f2 aquesta entrada nom\u00e9s est\u00e0 disponible en Espanyol Europeu.<\/p>\n","protected":false},"author":4130,"featured_media":0,"comment_status":"closed","ping_status":"open","sticky":false,"template":"","format":"standard","meta":{"ngg_post_thumbnail":0,"_links_to":"","_links_to_target":""},"categories":[794,770,87,69,2789,2782,2783,2790,43,394,2918],"tags":[],"_links":{"self":[{"href":"https:\/\/comunicacion.umh.es\/ca\/wp-json\/wp\/v2\/posts\/103709"}],"collection":[{"href":"https:\/\/comunicacion.umh.es\/ca\/wp-json\/wp\/v2\/posts"}],"about":[{"href":"https:\/\/comunicacion.umh.es\/ca\/wp-json\/wp\/v2\/types\/post"}],"author":[{"embeddable":true,"href":"https:\/\/comunicacion.umh.es\/ca\/wp-json\/wp\/v2\/users\/4130"}],"replies":[{"embeddable":true,"href":"https:\/\/comunicacion.umh.es\/ca\/wp-json\/wp\/v2\/comments?post=103709"}],"version-history":[{"count":0,"href":"https:\/\/comunicacion.umh.es\/ca\/wp-json\/wp\/v2\/posts\/103709\/revisions"}],"wp:attachment":[{"href":"https:\/\/comunicacion.umh.es\/ca\/wp-json\/wp\/v2\/media?parent=103709"}],"wp:term":[{"taxonomy":"category","embeddable":true,"href":"https:\/\/comunicacion.umh.es\/ca\/wp-json\/wp\/v2\/categories?post=103709"},{"taxonomy":"post_tag","embeddable":true,"href":"https:\/\/comunicacion.umh.es\/ca\/wp-json\/wp\/v2\/tags?post=103709"}],"curies":[{"name":"wp","href":"https:\/\/api.w.org\/{rel}","templated":true}]}}