{"id":104696,"date":"2018-03-26T11:15:07","date_gmt":"2018-03-26T09:15:07","guid":{"rendered":"https:\/\/comunicacion.umh.es\/?p=104696"},"modified":"2018-03-26T12:05:02","modified_gmt":"2018-03-26T10:05:02","slug":"la-investigadora-del-instituto-de-neurociencias-umh-csic-guillermina-lopez-bendito-premio-joseph-altman-en-neurociencia-del-desarrollo","status":"publish","type":"post","link":"https:\/\/comunicacion.umh.es\/ca\/2018\/03\/26\/la-investigadora-del-instituto-de-neurociencias-umh-csic-guillermina-lopez-bendito-premio-joseph-altman-en-neurociencia-del-desarrollo\/","title":{"rendered":"<span lang=\"es\">(Espa\u00f1ol) La investigadora del Instituto de Neurociencias UMH-CSIC Guillermina L\u00f3pez Bendito, Premio Joseph Altman en Neurociencia del Desarrollo<\/span>"},"content":{"rendered":"<p class=\"qtranxs-available-languages-message qtranxs-available-languages-message-ca\">Ho sent, per\u00f2 aquesta entrada nom\u00e9s est\u00e0 disponible en <a href=\"https:\/\/comunicacion.umh.es\/es\/wp-json\/wp\/v2\/posts\/104696\" class=\"qtranxs-available-language-link qtranxs-available-language-link-es\" title=\"Espa\u00f1ol\">Espanyol Europeu<\/a>.<\/p>","protected":false},"excerpt":{"rendered":"<p>Ho sent, per\u00f2 aquesta entrada nom\u00e9s est\u00e0 disponible en Espanyol Europeu.<\/p>\n","protected":false},"author":4103,"featured_media":0,"comment_status":"closed","ping_status":"open","sticky":false,"template":"","format":"standard","meta":{"ngg_post_thumbnail":0,"_links_to":"","_links_to_target":""},"categories":[2782,2783,43,2796,2145],"tags":[],"_links":{"self":[{"href":"https:\/\/comunicacion.umh.es\/ca\/wp-json\/wp\/v2\/posts\/104696"}],"collection":[{"href":"https:\/\/comunicacion.umh.es\/ca\/wp-json\/wp\/v2\/posts"}],"about":[{"href":"https:\/\/comunicacion.umh.es\/ca\/wp-json\/wp\/v2\/types\/post"}],"author":[{"embeddable":true,"href":"https:\/\/comunicacion.umh.es\/ca\/wp-json\/wp\/v2\/users\/4103"}],"replies":[{"embeddable":true,"href":"https:\/\/comunicacion.umh.es\/ca\/wp-json\/wp\/v2\/comments?post=104696"}],"version-history":[{"count":0,"href":"https:\/\/comunicacion.umh.es\/ca\/wp-json\/wp\/v2\/posts\/104696\/revisions"}],"wp:attachment":[{"href":"https:\/\/comunicacion.umh.es\/ca\/wp-json\/wp\/v2\/media?parent=104696"}],"wp:term":[{"taxonomy":"category","embeddable":true,"href":"https:\/\/comunicacion.umh.es\/ca\/wp-json\/wp\/v2\/categories?post=104696"},{"taxonomy":"post_tag","embeddable":true,"href":"https:\/\/comunicacion.umh.es\/ca\/wp-json\/wp\/v2\/tags?post=104696"}],"curies":[{"name":"wp","href":"https:\/\/api.w.org\/{rel}","templated":true}]}}