{"id":107219,"date":"2018-05-25T08:00:25","date_gmt":"2018-05-25T06:00:25","guid":{"rendered":"http:\/\/comunicacion.umh.es\/?p=107219"},"modified":"2018-05-25T11:49:19","modified_gmt":"2018-05-25T09:49:19","slug":"umh-television-abre-el-informativo-con-el-ranking-de-la-fundacion-cyd-en-el-que-la-universidad-destaca-en-creacion-de-empresas","status":"publish","type":"post","link":"https:\/\/comunicacion.umh.es\/ca\/2018\/05\/25\/umh-television-abre-el-informativo-con-el-ranking-de-la-fundacion-cyd-en-el-que-la-universidad-destaca-en-creacion-de-empresas\/","title":{"rendered":"<span lang=\"es\">(Espa\u00f1ol) UMH Televisi\u00f3n abre el informativo con el ranking de la Fundaci\u00f3n CyD, en el que la Universidad destaca en creaci\u00f3n de empresas<\/span>"},"content":{"rendered":"<p class=\"qtranxs-available-languages-message qtranxs-available-languages-message-ca\">Ho sent, per\u00f2 aquesta entrada nom\u00e9s est\u00e0 disponible en <a href=\"https:\/\/comunicacion.umh.es\/es\/wp-json\/wp\/v2\/posts\/107219\" class=\"qtranxs-available-language-link qtranxs-available-language-link-es\" title=\"Espa\u00f1ol\">Espanyol Europeu<\/a>.<\/p>","protected":false},"excerpt":{"rendered":"<p>Ho sent, per\u00f2 aquesta entrada nom\u00e9s est\u00e0 disponible en Espanyol Europeu.<\/p>\n","protected":false},"author":4130,"featured_media":0,"comment_status":"closed","ping_status":"open","sticky":false,"template":"","format":"standard","meta":{"ngg_post_thumbnail":0,"_links_to":"","_links_to_target":""},"categories":[770,87,461,2789,2782,191,2790,43,9670,2796,2420,9672],"tags":[],"_links":{"self":[{"href":"https:\/\/comunicacion.umh.es\/ca\/wp-json\/wp\/v2\/posts\/107219"}],"collection":[{"href":"https:\/\/comunicacion.umh.es\/ca\/wp-json\/wp\/v2\/posts"}],"about":[{"href":"https:\/\/comunicacion.umh.es\/ca\/wp-json\/wp\/v2\/types\/post"}],"author":[{"embeddable":true,"href":"https:\/\/comunicacion.umh.es\/ca\/wp-json\/wp\/v2\/users\/4130"}],"replies":[{"embeddable":true,"href":"https:\/\/comunicacion.umh.es\/ca\/wp-json\/wp\/v2\/comments?post=107219"}],"version-history":[{"count":0,"href":"https:\/\/comunicacion.umh.es\/ca\/wp-json\/wp\/v2\/posts\/107219\/revisions"}],"wp:attachment":[{"href":"https:\/\/comunicacion.umh.es\/ca\/wp-json\/wp\/v2\/media?parent=107219"}],"wp:term":[{"taxonomy":"category","embeddable":true,"href":"https:\/\/comunicacion.umh.es\/ca\/wp-json\/wp\/v2\/categories?post=107219"},{"taxonomy":"post_tag","embeddable":true,"href":"https:\/\/comunicacion.umh.es\/ca\/wp-json\/wp\/v2\/tags?post=107219"}],"curies":[{"name":"wp","href":"https:\/\/api.w.org\/{rel}","templated":true}]}}