{"id":108026,"date":"2018-06-20T09:30:02","date_gmt":"2018-06-20T07:30:02","guid":{"rendered":"https:\/\/comunicacion.umh.es\/?p=108026"},"modified":"2018-06-20T10:45:06","modified_gmt":"2018-06-20T08:45:06","slug":"la-tercera-sesion-del-curso-elche-patrimonio-conocimiento-e-innovacion-un-enfoque-universitario-analiza-el-calzado-de-elche","status":"publish","type":"post","link":"https:\/\/comunicacion.umh.es\/ca\/2018\/06\/20\/la-tercera-sesion-del-curso-elche-patrimonio-conocimiento-e-innovacion-un-enfoque-universitario-analiza-el-calzado-de-elche\/","title":{"rendered":"<span lang=\"es\">(Espa\u00f1ol) La tercera sesi\u00f3n del Curso de Verano \u201cElche, Patrimonio, Conocimiento e Innovaci\u00f3n: Un Enfoque Universitario\u201d analiza el calzado de Elche<\/span>"},"content":{"rendered":"<p class=\"qtranxs-available-languages-message qtranxs-available-languages-message-ca\">Ho sent, per\u00f2 aquesta entrada nom\u00e9s est\u00e0 disponible en <a href=\"https:\/\/comunicacion.umh.es\/es\/wp-json\/wp\/v2\/posts\/108026\" class=\"qtranxs-available-language-link qtranxs-available-language-link-es\" title=\"Espa\u00f1ol\">Espanyol Europeu<\/a>.<\/p>","protected":false},"excerpt":{"rendered":"<p>Ho sent, per\u00f2 aquesta entrada nom\u00e9s est\u00e0 disponible en Espanyol Europeu.<\/p>\n","protected":false},"author":4103,"featured_media":0,"comment_status":"closed","ping_status":"open","sticky":false,"template":"","format":"standard","meta":{"ngg_post_thumbnail":0,"_links_to":"","_links_to_target":""},"categories":[2477,69,2782,191,2786,2790,43,2787],"tags":[],"_links":{"self":[{"href":"https:\/\/comunicacion.umh.es\/ca\/wp-json\/wp\/v2\/posts\/108026"}],"collection":[{"href":"https:\/\/comunicacion.umh.es\/ca\/wp-json\/wp\/v2\/posts"}],"about":[{"href":"https:\/\/comunicacion.umh.es\/ca\/wp-json\/wp\/v2\/types\/post"}],"author":[{"embeddable":true,"href":"https:\/\/comunicacion.umh.es\/ca\/wp-json\/wp\/v2\/users\/4103"}],"replies":[{"embeddable":true,"href":"https:\/\/comunicacion.umh.es\/ca\/wp-json\/wp\/v2\/comments?post=108026"}],"version-history":[{"count":0,"href":"https:\/\/comunicacion.umh.es\/ca\/wp-json\/wp\/v2\/posts\/108026\/revisions"}],"wp:attachment":[{"href":"https:\/\/comunicacion.umh.es\/ca\/wp-json\/wp\/v2\/media?parent=108026"}],"wp:term":[{"taxonomy":"category","embeddable":true,"href":"https:\/\/comunicacion.umh.es\/ca\/wp-json\/wp\/v2\/categories?post=108026"},{"taxonomy":"post_tag","embeddable":true,"href":"https:\/\/comunicacion.umh.es\/ca\/wp-json\/wp\/v2\/tags?post=108026"}],"curies":[{"name":"wp","href":"https:\/\/api.w.org\/{rel}","templated":true}]}}