{"id":113663,"date":"2018-07-12T12:00:11","date_gmt":"2018-07-12T10:00:11","guid":{"rendered":"https:\/\/comunicacion.umh.es\/?p=113663"},"modified":"2018-07-17T09:53:25","modified_gmt":"2018-07-17T07:53:25","slug":"la-umh-entre-las-125-mejores-universidades-de-europa-por-su-excelencia-docente","status":"publish","type":"post","link":"https:\/\/comunicacion.umh.es\/ca\/2018\/07\/12\/la-umh-entre-las-125-mejores-universidades-de-europa-por-su-excelencia-docente\/","title":{"rendered":"La UMH, entre les 125 millors universitats d\u2019Europa per la seua excel\u00b7l\u00e8ncia docent"},"content":{"rendered":"<p><\/p>\n<p style=\"text-align: justify\">La Universitat Miguel Hern\u00e1ndez (UMH) d\u2019Elx se situa entre els llocs 101 i 125 en la classificaci\u00f3 de les millors universitats europees en mat\u00e8ria d\u2019excel\u00b7l\u00e8ncia docent, segons el r\u00e0nquing europeu d\u2019ensenyament 2018, elaborat per Times Higher Education (THE).<!--more--><\/p>\n<p style=\"text-align: justify\"><a href=\"https:\/\/comunicacion.umh.es\/files\/2018\/07\/12-07-18-ranking2.jpg\"><img loading=\"lazy\" class=\"size-medium wp-image-113672 alignleft\" src=\"https:\/\/comunicacion.umh.es\/files\/2018\/07\/12-07-18-ranking2-300x200.jpg\" alt=\"\" width=\"300\" height=\"200\" srcset=\"https:\/\/comunicacion.umh.es\/files\/2018\/07\/12-07-18-ranking2-300x200.jpg 300w, https:\/\/comunicacion.umh.es\/files\/2018\/07\/12-07-18-ranking2-768x512.jpg 768w, https:\/\/comunicacion.umh.es\/files\/2018\/07\/12-07-18-ranking2-1024x683.jpg 1024w, https:\/\/comunicacion.umh.es\/files\/2018\/07\/12-07-18-ranking2-960x640.jpg 960w, https:\/\/comunicacion.umh.es\/files\/2018\/07\/12-07-18-ranking2-480x320.jpg 480w, https:\/\/comunicacion.umh.es\/files\/2018\/07\/12-07-18-ranking2-320x213.jpg 320w, https:\/\/comunicacion.umh.es\/files\/2018\/07\/12-07-18-ranking2-240x160.jpg 240w\" sizes=\"(max-width: 300px) 100vw, 300px\" \/><\/a>En l\u2019\u00e0mbit nacional, la UMH ocupa la denovena posici\u00f3 i se situa la tercera en l\u2019\u00e0mbit auton\u00f2mic, nom\u00e9s superada per la Universitat Polit\u00e8cnica de Val\u00e8ncia (UPV) i la Universitat de Val\u00e8ncia (UV), que ocupen el tram 76-100 de la llista.<\/p>\n<p style=\"text-align: justify\">El r\u00e0nquing europeu d\u2019ensenyament \u00e9s un estudi pioner de&nbsp;Times Higher Education, centrat en entorns d\u2019ensenyament superior i que mesura els resultats dels estudiants, la diversitat de l\u2019entorn de les institucions i els recursos que les universitats tenen per a ensenyar de manera efectiva.<\/p>\n<p style=\"text-align: justify\">Aquesta classificaci\u00f3 de 2018 es basa en els resultats de&nbsp;THE European Student Survey, una enquesta en la qual participen 30.000 estudiants universitaris i en la qual s\u2019inclouen preguntes sobre si l\u2019ensenyament dona suport al pensament cr\u00edtic, si les classes estimulen i inspiren l\u2019alumnat i si els estudiants tenen l\u2019oportunitat d\u2019interactuar amb el personal, entre altres.<\/p>\n<p style=\"text-align: justify\">La classificaci\u00f3 es pot consultar ac\u00ed:<\/p>\n<p style=\"text-align: justify\"><a href=\"https:\/\/www.timeshighereducation.com\/rankings\/europe-teaching\/2018#!\/page\/4\/length\/25\/sort_by\/rank\/sort_order\/asc\/cols\/undefined\">https:\/\/www.timeshighereducation.com\/rankings\/europe-teaching\/2018#!\/page\/4\/length\/25\/sort_by\/rank\/sort_order\/asc\/cols\/undefined<\/a>.<\/p>\n<p><a href=\"https:\/\/comunicacion.umh.es\/files\/2018\/07\/12-07-18-ranking.jpg\"><img loading=\"lazy\" class=\"size-medium wp-image-113666 aligncenter\" src=\"https:\/\/comunicacion.umh.es\/files\/2018\/07\/12-07-18-ranking-300x220.jpg\" alt=\"\" width=\"300\" height=\"220\" srcset=\"https:\/\/comunicacion.umh.es\/files\/2018\/07\/12-07-18-ranking-300x220.jpg 300w, https:\/\/comunicacion.umh.es\/files\/2018\/07\/12-07-18-ranking-768x563.jpg 768w, https:\/\/comunicacion.umh.es\/files\/2018\/07\/12-07-18-ranking.jpg 849w\" sizes=\"(max-width: 300px) 100vw, 300px\" \/><\/a><\/p>","protected":false},"excerpt":{"rendered":"<p>La Universitat Miguel Hern\u00e1ndez (UMH) d\u2019Elx se situa entre els llocs 101 i 125 en la classificaci\u00f3 de les millors universitats europees en mat\u00e8ria d\u2019excel\u00b7l\u00e8ncia docent, segons el r\u00e0nquing europeu d\u2019ensenyament 2018, elaborat per Times Higher Education (THE).<br \/>\nEn l\u2019\u00e0mbit nacional, la UMH ocupa la denovena posici\u00f3 i se situa la tercera en l\u2019\u00e0mbit auton\u00f2mic, nom\u00e9s [&#8230;]<\/p>\n","protected":false},"author":4103,"featured_media":0,"comment_status":"closed","ping_status":"open","sticky":false,"template":"","format":"standard","meta":{"ngg_post_thumbnail":0,"_links_to":"","_links_to_target":""},"categories":[794,770,69,2782,2783,43,394,2796,2777,2918],"tags":[],"_links":{"self":[{"href":"https:\/\/comunicacion.umh.es\/ca\/wp-json\/wp\/v2\/posts\/113663"}],"collection":[{"href":"https:\/\/comunicacion.umh.es\/ca\/wp-json\/wp\/v2\/posts"}],"about":[{"href":"https:\/\/comunicacion.umh.es\/ca\/wp-json\/wp\/v2\/types\/post"}],"author":[{"embeddable":true,"href":"https:\/\/comunicacion.umh.es\/ca\/wp-json\/wp\/v2\/users\/4103"}],"replies":[{"embeddable":true,"href":"https:\/\/comunicacion.umh.es\/ca\/wp-json\/wp\/v2\/comments?post=113663"}],"version-history":[{"count":0,"href":"https:\/\/comunicacion.umh.es\/ca\/wp-json\/wp\/v2\/posts\/113663\/revisions"}],"wp:attachment":[{"href":"https:\/\/comunicacion.umh.es\/ca\/wp-json\/wp\/v2\/media?parent=113663"}],"wp:term":[{"taxonomy":"category","embeddable":true,"href":"https:\/\/comunicacion.umh.es\/ca\/wp-json\/wp\/v2\/categories?post=113663"},{"taxonomy":"post_tag","embeddable":true,"href":"https:\/\/comunicacion.umh.es\/ca\/wp-json\/wp\/v2\/tags?post=113663"}],"curies":[{"name":"wp","href":"https:\/\/api.w.org\/{rel}","templated":true}]}}