{"id":117,"date":"2002-10-04T10:19:26","date_gmt":"2002-10-04T08:19:26","guid":{"rendered":"http:\/\/comunicacion.zeus.umh.es\/2008\/07\/08\/laudatio-dr-garca-berlanga-a-cargo-de-d-joan-alvarez\/"},"modified":"2002-10-04T10:19:26","modified_gmt":"2002-10-04T08:19:26","slug":"laudatio-dr-garca-berlanga-a-cargo-de-d-joan-alvarez","status":"publish","type":"post","link":"https:\/\/comunicacion.umh.es\/ca\/2002\/10\/04\/laudatio-dr-garca-berlanga-a-cargo-de-d-joan-alvarez\/","title":{"rendered":"Laudatio Dr. Garc&#237;a Berlanga a cargo de D. Joan Alvarez"},"content":{"rendered":"<p align=\"justify\">&nbsp;<\/p>\n<p align=\"justify\">Laudatio del Excelent\u00edsimo Sr. D. Luis Garc\u00eda Berlanga con motivo de su investidura como doctor <em>honoris causa<\/em> por la Universidad Miguel Hern\u00e1ndez de Elche.<\/p>\n<p align=\"justify\">4 de octubre de 2002<\/p>\n<p align=\"justify\">Joan \u00c1lvarez<\/p>\n<p align=\"justify\">&nbsp;<\/p>\n<p align=\"justify\">Ilustr\u00edsima Se\u00f1ora Subsecretaria de Educaci\u00f3n<\/p>\n<p align=\"justify\">Excelent\u00edsimo Se\u00f1or Rector Magn\u00edfico de la Universidad<\/p>\n<p align=\"justify\">Excelent\u00edsimo Se\u00f1or Presidente del Consejo Econ\u00f3mico de la Universidad<\/p>\n<p align=\"justify\">Excelent\u00edsimo Se\u00f1or Vicerrector de Investigaci\u00f3n<\/p>\n<p align=\"justify\">Ilustr\u00edsimo Se\u00f1or Secretario General<\/p>\n<p align=\"justify\">Excelent\u00edsimo Se\u00f1or Don Luis Garc\u00eda Berlanga<\/p>\n<p align=\"justify\">Dign\u00edsimas Autoridades<\/p>\n<p align=\"justify\">Se\u00f1oras y Se\u00f1ores Miembros de la Comunidad Universitaria<\/p>\n<p align=\"justify\">Se\u00f1oras y Se\u00f1ores:<\/p>\n<p align=\"justify\">Hace cincuenta a\u00f1os, un director poco experimentado y reci\u00e9n salido del Instituto de Innovaciones y Experimentaciones Cinematogr\u00e1ficas, estrenaba, &#8211;con bastante valent\u00eda y mucho riesgo&#8211;, <em>Bienvenido Mr. Marshall<\/em>, sin duda, una de las pel\u00edculas m\u00e1s importantes del cine espa\u00f1ol de todos los tiempos.<\/p>\n<p align=\"justify\">Aquel director hab\u00eda nacido en Valencia, hab\u00eda sufrido la guerra de una manera tan curiosa, tan exc\u00e9ntrica, que le oblig\u00f3 a prolongarla enrol\u00e1ndose como voluntario de la Brigada Azul en el frente ruso de la Segunda Guerra Mundial, y, a la hora de elegir un futuro, hab\u00eda dudado entre tres vocaciones conexas pero distintas \u2013la pintura, la arquitectura y la cr\u00edtica de cine\u2014y un destino m\u00e1s o menos fat\u00eddico como el de eternizarse siendo se\u00f1orito de provincias hasta que la fortuna familiar lo permitiera.<\/p>\n<p align=\"justify\">El autor de <em>Bienvenido Mr. Marshall <\/em>era, todos ustedes lo saben, Luis Garc\u00eda Berlanga y la pel\u00edcula, c\u00f3digo gen\u00e9tico de casi todo el cine berlanguiano, era una f\u00e1bula c\u00f3mica, sencilla y compleja, ingenua y vitri\u00f3lica, un musical con folkl\u00f3rica incluida, una par\u00e1bola con muchas lecturas, y una de las cr\u00edticas m\u00e1s feroces y certeras de las \u00ednfulas y el cart\u00f3n piedra inherentes al r\u00e9gimen franquista.<\/p>\n<p align=\"justify\">Luis Garc\u00eda Berlanga hab\u00eda codirigido ya, con Juan Antonio Bardem <em>Esa pareja feliz<\/em>, otra piedra de toque del movimiento de renovaci\u00f3n cinematogr\u00e1fica y cultural que se extender\u00eda durante la d\u00e9cada de los cincuenta y que sirvi\u00f3 de levadura para todo lo que, afortunadamente, vino despu\u00e9s.<\/p>\n<p align=\"justify\">Durante los casi cincuenta a\u00f1os que separan esos dos t\u00edtulos de <em>Par\u00eds-Tombuct\u00fa<\/em>, un testamento est\u00e9tico largamente incubado, Luis Garc\u00eda Berlanga ha sabido crear \u2013contra la censura pol\u00edtica del franquismo, contra la censura moral de la sociedad bienpensante y contra la censura econ\u00f3mica a la que se ve constre\u00f1ida la expresi\u00f3n cinematogr\u00e1fica por ser el cine arte e industria\u2014 una de las m\u00e1s impresionantes, coherentes y admirables trayectorias del cine espa\u00f1ol del siglo XX, a la que es casi imposible encontrar parang\u00f3n.<\/p>\n<p align=\"justify\">T\u00edtulos como <em>El verdugo<\/em>, <em>Pl\u00e1cido<\/em> o <em>La escopeta nacional<\/em>, merecen figurar, y figuran, en las listas de las mejores pel\u00edculas espa\u00f1olas, europeas o mundiales de todos los tiempos, y otros t\u00edtulos como <em>Calabuch<\/em>, <em>Los jueves, milagro<\/em>, \u00a1<em>Vivan los novios!<\/em>, <em>La vaquilla<\/em> y <em>Tama\u00f1o natural<\/em> tendr\u00e1n el reconocimiento de la cr\u00edtica y el aplauso del p\u00fablico durante mucho tiempo y en todas las latitudes como pueden comprobar ustedes gracias a la reposici\u00f3n actual de <em>Bienvenido Mr. Marshall<\/em> y como he podido comprobar yo hace apenas dos semanas con motivo de un viaje a Santo Domingo en cuya Cinemateca ofrecen en estos momentos la obra casi completa del director valenciano.<\/p>\n<p align=\"justify\">\u00bfCu\u00e1l es la clave del \u00e9xito de este cineasta que dice aborrecer la cinefilia y hasta el arte cinematogr\u00e1fico o que ahora confiesa vivir un proceso fulminante de &#8220;despantallizaci\u00f3n&#8221; pero que, al mismo tiempo, adora el cine hasta el punto de abrazar con entusiasmo la causa de su recuperaci\u00f3n y restauraci\u00f3n como patrimonio o que en momentos de enso\u00f1aci\u00f3n lleg\u00f3 a creer, o, al menos, a decir que se hab\u00eda cre\u00eddo el papel de Dios todopoderoso que se les confiere a los directores en un rodaje?<\/p>\n<p align=\"justify\">En mi modesta opini\u00f3n de seguidor apasionado de su obra y de estudioso divertido y agradecido de su vida yo dir\u00eda que ese secreto reside en el valor universal de sus argumentos y que sus historias est\u00e1n contadas, transmutadas, en im\u00e1genes con las dosis exactas de humor, esperpento, emoci\u00f3n, ternura, iron\u00eda, ingenuidad, inteligencia, est\u00e9tica fallera y ese algo indefinible que hemos convenido en llamar retrato berlanguiano de una realidad que es berlanguiana no porque \u00e9l la retrate sino porque los dem\u00e1s hacemos que lo sea.<\/p>\n<p align=\"justify\">Ser el autor de ese extraordinario conjunto de pel\u00edculas hace a Luis Garc\u00eda Berlanga merecedor, sin duda, del doctorado que hoy se le va a conceder y cuyo elogio intento perge\u00f1ar de una manera que siento muy imperfecta.<\/p>\n<p align=\"justify\">Pero los honores de Luis para ser investido doctor no s\u00f3lo consisten en haber hecho ese cine sino en haberlo hecho, adem\u00e1s, consiguiendo que la direcci\u00f3n cinematogr\u00e1fica, el arte y la vida, se ejerzan con una brillantez y originalidad que fascina a cuantos se le acercan,<\/p>\n<p align=\"justify\">Y, en ese sentido, me permitir\u00e1n recordar que Berlanga se form\u00f3 cuando los directores art\u00edfices de los nuevos realismos europeos (desde el neorrealismo italiano al cine libre ingl\u00e9s y la nueva ola francesa) luchaban por encontrar una alternativa al sistema cl\u00e1sico de Hollywood intentando arrebatar al productor la autor\u00eda de la obra.<\/p>\n<p align=\"justify\">En esa encrucijada, Luis se hizo director y autor sin dejar de considerase artesano, orfebre, eso s\u00ed, un artesano que es tambi\u00e9n el alquimista capaz de transmutar todos los talentos que concurren en la creaci\u00f3n cinematogr\u00e1fica en una obra coherente y \u00fanica.<\/p>\n<p align=\"justify\">De ah\u00ed procede su estilo, abierto a todos los que integran el equipo t\u00e9cnico y art\u00edstico \u2013desde los guionistas a los decoradores, iluminadores o sonidistas pasando, sobre todo, por unos actores a los que ha dejado improvisar y a los que ha escuchado como nadie, incluidos los secundarios y los extras. De ah\u00ed, tambi\u00e9n su peculiar intepretaci\u00f3n del lenguaje f\u00edlmico. Y de ah\u00ed, su irrepetible posici\u00f3n moral ante los dilemas del director.<\/p>\n<p align=\"justify\">Tambi\u00e9n es bueno recordar que, como artista, como genio, es uno de los pocos contempor\u00e1neos que ha conseguido plasmar sus pasiones \u2013recordamos el patrimonio cinematogr\u00e1fico pero tambi\u00e9n los infiernos er\u00f3ticos, la superstici\u00f3n, la timidez, la felicidad, la soledad, y, porqu\u00e9 no, su lectura <em>sui generis<\/em> del modo de ser valenciano&#8211; en expresiones formalizadas, objetivas, est\u00e9ticas, de las que nos estamos beneficiando los dem\u00e1s.<\/p>\n<p align=\"justify\">Por \u00faltimo, pero no en \u00faltimo lugar, vale la pena recordar que, como animador de causas perdidas, como ingeniero de utop\u00edas, es a Luis Garc\u00eda Berlanga a quien hay que atribuir algo tan singular y poderoso como el sue\u00f1o de una Ciudad del Cine que ya tiene planos, terrenos y mucho marketing, demostrando que se trata de uno de los grandes prodigios de su carrera y la prueba palpable de que aunque no haya llegado a ser Dios tiene un instinto especial para estar cerca de los dioses.<\/p>\n<p align=\"justify\">Termino. Me consta que a Luis le incomodan los elogios y que su genio, adiestrada y convenientemente contradictorio, le habr\u00e1 ido ofreciendo reparos abundantes a cuanto he tratado de exponer ante ustedes como lo que creo son hechos de su magisterio para la gente que ama el cine y para cualquiera con \u00e1nimo de aprender, con \u00e1nimo universitario.<\/p>\n<p align=\"justify\">Si en la respuesta que ahora esperamos les ofrece alguno o muchos de esos reparos, cr\u00e9anle a \u00e9l porque su magisterio y su sabidur\u00eda lo hacen merecedor de toda la credibilidad pero, &#8211;al tiempo y sin que repugne a sus mentalidades, que supongo tan aristot\u00e9licas como &#8220;lumi\u00e8rianas&#8221;&#8211;, conc\u00e9danme a m\u00ed el cr\u00e9dito suficiente para que estos elogios les sirvan como fundamento de la investidura del se\u00f1or D. Luis Garc\u00eda Berlanga como doctor de esta universidad magn\u00edfica.<\/p>\n<p align=\"justify\">Les puedo asegurar que todos, &#8211;ustedes, los futuros alumnos, los profesionales del cine y los amantes del arte en general&#8211;, saldremos grandemente beneficiados si de esa manera alguien puede decir que estamos asistiendo aqu\u00ed a lo que sin duda ser\u00e1 el principio de una gran amistad.<\/p>\n<p align=\"justify\">Muchas gracias<\/p>\n","protected":false},"excerpt":{"rendered":"<p>&nbsp;<br \/>\nLaudatio del Excelent\u00edsimo Sr. D. Luis Garc\u00eda Berlanga con motivo de su investidura como doctor honoris causa por la Universidad Miguel Hern\u00e1ndez de Elche.<br \/>\n4 de octubre de 2002<br \/>\nJoan \u00c1lvarez<br \/>\n&nbsp;<br \/>\nIlustr\u00edsima Se\u00f1ora Subsecretaria de Educaci\u00f3n<br \/>\nExcelent\u00edsimo Se\u00f1or Rector Magn\u00edfico de la Universidad<br \/>\nExcelent\u00edsimo Se\u00f1or Presidente del Consejo Econ\u00f3mico de la Universidad<br \/>\nExcelent\u00edsimo Se\u00f1or Vicerrector de Investigaci\u00f3n<br \/>\nIlustr\u00edsimo Se\u00f1or Secretario General<br \/>\nExcelent\u00edsimo Se\u00f1or [&#8230;]<\/p>\n","protected":false},"author":1,"featured_media":0,"comment_status":"closed","ping_status":"open","sticky":false,"template":"","format":"standard","meta":{"ngg_post_thumbnail":0,"_links_to":"","_links_to_target":""},"categories":[1],"tags":[],"_links":{"self":[{"href":"https:\/\/comunicacion.umh.es\/ca\/wp-json\/wp\/v2\/posts\/117"}],"collection":[{"href":"https:\/\/comunicacion.umh.es\/ca\/wp-json\/wp\/v2\/posts"}],"about":[{"href":"https:\/\/comunicacion.umh.es\/ca\/wp-json\/wp\/v2\/types\/post"}],"author":[{"embeddable":true,"href":"https:\/\/comunicacion.umh.es\/ca\/wp-json\/wp\/v2\/users\/1"}],"replies":[{"embeddable":true,"href":"https:\/\/comunicacion.umh.es\/ca\/wp-json\/wp\/v2\/comments?post=117"}],"version-history":[{"count":0,"href":"https:\/\/comunicacion.umh.es\/ca\/wp-json\/wp\/v2\/posts\/117\/revisions"}],"wp:attachment":[{"href":"https:\/\/comunicacion.umh.es\/ca\/wp-json\/wp\/v2\/media?parent=117"}],"wp:term":[{"taxonomy":"category","embeddable":true,"href":"https:\/\/comunicacion.umh.es\/ca\/wp-json\/wp\/v2\/categories?post=117"},{"taxonomy":"post_tag","embeddable":true,"href":"https:\/\/comunicacion.umh.es\/ca\/wp-json\/wp\/v2\/tags?post=117"}],"curies":[{"name":"wp","href":"https:\/\/api.w.org\/{rel}","templated":true}]}}