{"id":1172,"date":"2011-09-06T14:29:08","date_gmt":"2011-09-06T12:29:08","guid":{"rendered":"http:\/\/comunicacion.zeus.umh.es\/?p=1172"},"modified":"2011-09-06T14:29:08","modified_gmt":"2011-09-06T12:29:08","slug":"la-umh-inaugura-la-exposicion-%c2%bfesto-es-literatura-del-artista-pablo-del-barco","status":"publish","type":"post","link":"https:\/\/comunicacion.umh.es\/ca\/2011\/09\/06\/la-umh-inaugura-la-exposicion-%c2%bfesto-es-literatura-del-artista-pablo-del-barco\/","title":{"rendered":"La UMH inaugura la exposici\u00f3n \u00bfEsto es literatura? del artista Pablo del Barco"},"content":{"rendered":"<div id=\"attachment_1175\" style=\"width: 310px\" class=\"wp-caption alignleft\"><a href=\"https:\/\/comunicacion.umh.es\/files\/2011\/09\/06-09-11-exposicion-pablo-del-barco-222.jpg\"><img aria-describedby=\"caption-attachment-1175\" loading=\"lazy\" class=\"size-medium wp-image-1175  \" title=\"06-09-11-exposicion-pablo-del-barco-222\" src=\"https:\/\/comunicacion.umh.es\/files\/2011\/09\/06-09-11-exposicion-pablo-del-barco-222-300x200.jpg\" alt=\". El vicerrector de Relaciones Internacionales, Manuel Miguel Jord\u00e1n Vidal, el vicerrector de Econom\u00eda y Empresa, Fernando Vidal Gim\u00e9nez, el poeta y artista pl\u00e1stico Pablo del Barco, la vicerrectora de Cultura y Extensi\u00f3n Universitara, Esther Sitges Maci\u00e1, y el vicerrector adjunto de Cultura y comisario de la exposici\u00f3n, Josep P\u00e9rez i Tom\u00e1s.\" width=\"300\" height=\"200\" srcset=\"https:\/\/comunicacion.umh.es\/files\/2011\/09\/06-09-11-exposicion-pablo-del-barco-222-300x200.jpg 300w, https:\/\/comunicacion.umh.es\/files\/2011\/09\/06-09-11-exposicion-pablo-del-barco-222-1024x682.jpg 1024w\" sizes=\"(max-width: 300px) 100vw, 300px\" \/><\/a><p id=\"caption-attachment-1175\" class=\"wp-caption-text\">El vicerrector de Relaciones Internacionales, Manuel Miguel Jord\u00e1n Vidal, el vicerrector de Econom\u00eda y Empresa, Fernando Vidal Gim\u00e9nez, el poeta y artista pl\u00e1stico Pablo del Barco, la vicerrectora de Cultura y Extensi\u00f3n Universitara, Esther Sitges Maci\u00e1, y el vicerrector adjunto de Cultura y comisario de la exposici\u00f3n, Josep P\u00e9rez i Tom\u00e1s.<\/p><\/div>\n<div>\u00a0<\/p>\n<div id=\"attachment_1179\" style=\"width: 310px\" class=\"wp-caption alignright\"><a href=\"https:\/\/comunicacion.umh.es\/files\/2011\/09\/06-09-11-exposicion-pablo-del-barco-262.jpg\"><img aria-describedby=\"caption-attachment-1179\" loading=\"lazy\" class=\"size-medium wp-image-1179\" title=\"06-09-11-exposicion-pablo-del-barco-262\" src=\"https:\/\/comunicacion.umh.es\/files\/2011\/09\/06-09-11-exposicion-pablo-del-barco-262-300x200.jpg\" alt=\"Una de las obras que se puede ver en la exposici\u00f3n.\" width=\"300\" height=\"200\" srcset=\"https:\/\/comunicacion.umh.es\/files\/2011\/09\/06-09-11-exposicion-pablo-del-barco-262-300x200.jpg 300w, https:\/\/comunicacion.umh.es\/files\/2011\/09\/06-09-11-exposicion-pablo-del-barco-262-1024x682.jpg 1024w\" sizes=\"(max-width: 300px) 100vw, 300px\" \/><\/a><p id=\"caption-attachment-1179\" class=\"wp-caption-text\">Una de las obras que se puede ver en la exposici\u00f3n.<\/p><\/div>\n<\/div>\n","protected":false},"excerpt":{"rendered":"<p>El vicerrector de Relaciones Internacionales, Manuel Miguel Jord\u00e1n Vidal, el vicerrector de Econom\u00eda y Empresa, Fernando Vidal Gim\u00e9nez, el poeta y artista pl\u00e1stico Pablo del Barco, la vicerrectora de Cultura y Extensi\u00f3n Universitara, Esther Sitges Maci\u00e1, y el vicerrector adjunto de Cultura y comisario de la exposici\u00f3n, Josep P\u00e9rez i Tom\u00e1s.<br \/>\n\u00a0<br \/>\nUna de las obras que [&#8230;]<\/p>\n","protected":false},"author":142,"featured_media":0,"comment_status":"closed","ping_status":"open","sticky":false,"template":"","format":"standard","meta":{"ngg_post_thumbnail":0,"_links_to":"","_links_to_target":""},"categories":[643],"tags":[],"_links":{"self":[{"href":"https:\/\/comunicacion.umh.es\/ca\/wp-json\/wp\/v2\/posts\/1172"}],"collection":[{"href":"https:\/\/comunicacion.umh.es\/ca\/wp-json\/wp\/v2\/posts"}],"about":[{"href":"https:\/\/comunicacion.umh.es\/ca\/wp-json\/wp\/v2\/types\/post"}],"author":[{"embeddable":true,"href":"https:\/\/comunicacion.umh.es\/ca\/wp-json\/wp\/v2\/users\/142"}],"replies":[{"embeddable":true,"href":"https:\/\/comunicacion.umh.es\/ca\/wp-json\/wp\/v2\/comments?post=1172"}],"version-history":[{"count":0,"href":"https:\/\/comunicacion.umh.es\/ca\/wp-json\/wp\/v2\/posts\/1172\/revisions"}],"wp:attachment":[{"href":"https:\/\/comunicacion.umh.es\/ca\/wp-json\/wp\/v2\/media?parent=1172"}],"wp:term":[{"taxonomy":"category","embeddable":true,"href":"https:\/\/comunicacion.umh.es\/ca\/wp-json\/wp\/v2\/categories?post=1172"},{"taxonomy":"post_tag","embeddable":true,"href":"https:\/\/comunicacion.umh.es\/ca\/wp-json\/wp\/v2\/tags?post=1172"}],"curies":[{"name":"wp","href":"https:\/\/api.w.org\/{rel}","templated":true}]}}