{"id":118013,"date":"2018-11-21T09:15:53","date_gmt":"2018-11-21T08:15:53","guid":{"rendered":"https:\/\/comunicacion.umh.es\/?p=118013"},"modified":"2018-11-21T10:53:51","modified_gmt":"2018-11-21T09:53:51","slug":"gala-benefica-a-favor-de-la-asociacion-anda","status":"publish","type":"post","link":"https:\/\/comunicacion.umh.es\/ca\/2018\/11\/21\/gala-benefica-a-favor-de-la-asociacion-anda\/","title":{"rendered":"<span lang=\"es\">(Espa\u00f1ol) Gala Ben\u00e9fica a favor de la Asociaci\u00f3n ANDA<\/span>"},"content":{"rendered":"<p class=\"qtranxs-available-languages-message qtranxs-available-languages-message-ca\">Ho sent, per\u00f2 aquesta entrada nom\u00e9s est\u00e0 disponible en <a href=\"https:\/\/comunicacion.umh.es\/es\/wp-json\/wp\/v2\/posts\/118013\" class=\"qtranxs-available-language-link qtranxs-available-language-link-es\" title=\"Espa\u00f1ol\">Espanyol Europeu<\/a>.<\/p>","protected":false},"excerpt":{"rendered":"<p>Ho sent, per\u00f2 aquesta entrada nom\u00e9s est\u00e0 disponible en Espanyol Europeu.<\/p>\n","protected":false},"author":4352,"featured_media":0,"comment_status":"closed","ping_status":"open","sticky":false,"template":"","format":"standard","meta":{"ngg_post_thumbnail":0,"_links_to":"","_links_to_target":""},"categories":[770,87,2782,2790,43,2788,2796],"tags":[],"_links":{"self":[{"href":"https:\/\/comunicacion.umh.es\/ca\/wp-json\/wp\/v2\/posts\/118013"}],"collection":[{"href":"https:\/\/comunicacion.umh.es\/ca\/wp-json\/wp\/v2\/posts"}],"about":[{"href":"https:\/\/comunicacion.umh.es\/ca\/wp-json\/wp\/v2\/types\/post"}],"author":[{"embeddable":true,"href":"https:\/\/comunicacion.umh.es\/ca\/wp-json\/wp\/v2\/users\/4352"}],"replies":[{"embeddable":true,"href":"https:\/\/comunicacion.umh.es\/ca\/wp-json\/wp\/v2\/comments?post=118013"}],"version-history":[{"count":0,"href":"https:\/\/comunicacion.umh.es\/ca\/wp-json\/wp\/v2\/posts\/118013\/revisions"}],"wp:attachment":[{"href":"https:\/\/comunicacion.umh.es\/ca\/wp-json\/wp\/v2\/media?parent=118013"}],"wp:term":[{"taxonomy":"category","embeddable":true,"href":"https:\/\/comunicacion.umh.es\/ca\/wp-json\/wp\/v2\/categories?post=118013"},{"taxonomy":"post_tag","embeddable":true,"href":"https:\/\/comunicacion.umh.es\/ca\/wp-json\/wp\/v2\/tags?post=118013"}],"curies":[{"name":"wp","href":"https:\/\/api.w.org\/{rel}","templated":true}]}}