{"id":119372,"date":"2019-01-07T09:00:28","date_gmt":"2019-01-07T08:00:28","guid":{"rendered":"http:\/\/comunicacion.umh.es\/?p=119372"},"modified":"2019-04-09T09:18:53","modified_gmt":"2019-04-09T07:18:53","slug":"el-parque-cientifico-celebra-sus-primeros-diez-anos-con-cerca-de-80-empresas-innovadoras-y-el-impulso-a-800-proyectos-emprendedores","status":"publish","type":"post","link":"https:\/\/comunicacion.umh.es\/ca\/2019\/01\/07\/el-parque-cientifico-celebra-sus-primeros-diez-anos-con-cerca-de-80-empresas-innovadoras-y-el-impulso-a-800-proyectos-emprendedores\/","title":{"rendered":"El Parc Cient\u00edfic impulsa 140 empreses innovadores en els seus 10 primers anys"},"content":{"rendered":"<p><\/p>\n<p style=\"text-align: justify\">El Parc Cient\u00edfic de la Universitat Miguel Hern\u00e1ndez (UMH) d\u2019Elx va n\u00e0ixer l\u2019any 2008 amb la finalitat de convertir-se en un gran espai empresarial que permetera albergar i impulsar un ampli nombre d\u2019empreses de base innovadora, tecnol\u00f2gica o de coneixement. Despr\u00e9s dels seus primers deu anys de vida, ha aconseguit donar cabuda a unes 80 companyies innovadores, que generen al voltant de 300 llocs de treball qualificat, i promoure la creaci\u00f3 de vora 140 iniciatives empresarials.<\/p>\n<p style=\"text-align: justify\"><!--more--><a href=\"https:\/\/comunicacion.umh.es\/files\/2019\/01\/07-01-19-aniversario-parque.jpg\"><img loading=\"lazy\" class=\"size-medium wp-image-119384 alignleft\" src=\"https:\/\/comunicacion.umh.es\/files\/2019\/01\/07-01-19-aniversario-parque-300x300.jpg\" alt=\"\" width=\"300\" height=\"300\" srcset=\"https:\/\/comunicacion.umh.es\/files\/2019\/01\/07-01-19-aniversario-parque-300x300.jpg 300w, https:\/\/comunicacion.umh.es\/files\/2019\/01\/07-01-19-aniversario-parque-150x150.jpg 150w, https:\/\/comunicacion.umh.es\/files\/2019\/01\/07-01-19-aniversario-parque-768x766.jpg 768w, https:\/\/comunicacion.umh.es\/files\/2019\/01\/07-01-19-aniversario-parque-1024x1022.jpg 1024w, https:\/\/comunicacion.umh.es\/files\/2019\/01\/07-01-19-aniversario-parque-960x960.jpg 960w, https:\/\/comunicacion.umh.es\/files\/2019\/01\/07-01-19-aniversario-parque-480x480.jpg 480w, https:\/\/comunicacion.umh.es\/files\/2019\/01\/07-01-19-aniversario-parque-320x320.jpg 320w, https:\/\/comunicacion.umh.es\/files\/2019\/01\/07-01-19-aniversario-parque-240x240.jpg 240w\" sizes=\"(max-width: 300px) 100vw, 300px\" \/><\/a>Aquesta innovaci\u00f3 en les companyies es veu reflectida en les prop de 10 patents sol\u00b7licitades fins al moment, de les quals al voltant de la meitat han sigut concedides. Part de l\u2019\u00e8xit d\u2019aquestes firmes \u00e9s, tamb\u00e9, la seua cont\u00ednua aposta per la investigaci\u00f3, un prop\u00f2sit que es manifesta en el fet que al voltant de 35 empreses desenvolupen projectes d\u2019I+D+i i prop de 15 companyies col\u00b7laboren amb grups d\u2019investigaci\u00f3 especialitzats en diferents sectors.<\/p>\n<p style=\"text-align: justify\">Aquest ecosistema viu, capa\u00e7 d\u2019adaptar-se a la situaci\u00f3 de cadascuna de les seues empreses, inclou entre els seus principals objectius el foment de&nbsp; la transfer\u00e8ncia i la diversificaci\u00f3 de coneixements entre la universitat i el mercat. Aix\u00ed mateix, l\u2019impuls a la creaci\u00f3 i el desenvolupament d\u2019iniciatives innovadores, que afavoreix amb aix\u00f2 la millora del teixit empresarial de la seua zona d\u2019influ\u00e8ncia.<\/p>\n<p style=\"text-align: justify\">Per a aconseguir aquestes metes, el Parc Cient\u00edfic de la UMH compta amb dues l\u00ednies de treball principals. Una se centra en el suport a companyies ja constitu\u00efdes a trav\u00e9s de serveis com la cerca de finan\u00e7ament p\u00fablic i privat. En concret, el Parc ha aconseguit dos milions i mig d\u2019euros per a continuar impulsant la innovaci\u00f3 de les seues empreses. D\u2019altra banda, se centra en el foment de noves companyies, capaces d\u2019innovar per a aportar solucions a les demandes del mercat i la societat. Aix\u00f2 ho aconsegueix amb l\u2019assessorament a emprenedors, a trav\u00e9s dels programes Marat\u00f3 de Creaci\u00f3 d\u2019Empreses UMH, que enguany celebra la 8a edici\u00f3, i l\u2019Sprint UMH, que ha finalitzat la 6a convocat\u00f2ria: en aquestes \u00faltimes edicions els dos programes han registrat un r\u00e8cord d\u2019inscripcions. Aix\u00ed mateix a trav\u00e9s de la iniciativa internacional Explorer \u201cJoves amb Idees\u201d, que en 2019 es desenvolupar\u00e0 per 5\u00e9 any consecutiu.<\/p>\n<p style=\"text-align: justify\">Des del seu naixement i a trav\u00e9s de les seues l\u00ednies de suport a l\u2019emprenedoria, el Parc Cient\u00edfic de la UMH ha assessorat vora 1.300 emprenedors amb al voltant de 800 idees i projectes de negoci. Aix\u00ed mateix, ha entregat m\u00e9s de 600.000 euros en premis per a l\u2019impuls d\u2019iniciatives emprenedores i ha promogut la creaci\u00f3 de prop de 140 empreses innovadores.<\/p>\n<p style=\"text-align: justify\">El comprom\u00eds amb aquestes l\u00ednies de treball ha portat al Parc Cient\u00edfic a fomentar, tamb\u00e9, el teixit empresarial en altres municipis de la prov\u00edncia. Per aix\u00f2, en 2016 es va posar en marxa Emprende UMH, amb la qual fomenta l\u2019emprenedoria en les localitats associades i dona suport al desenvolupament de les companyies ja establides. Fins ara, localitats com Castalla o Asp han mostrat el seu suport a aquest prop\u00f2sit i han renovat el seu comprom\u00eds amb aquesta iniciativa.<\/p>\n<p style=\"text-align: justify\">El Parc Cient\u00edfic de la UMH treballa des de la perspectiva d\u2019un futur potencialment tecnol\u00f2gic, per la qual cosa una de les seues metes \u00e9s reduir la bretxa de g\u00e8nere en l\u2019acc\u00e9s a llocs de treball vinculats a les enginyeries i noves tecnologies. Amb aquest prop\u00f2sit, el Parc Cient\u00edfic va posar en marxa fa dos anys Escola de Frikis, un programa que busca impulsar l\u2019aprenentatge de les disciplines de ci\u00e8ncia, tecnologia, enginyeria i matem\u00e0tiques entre xiquets i xiquetes de 6 i 12 anys.<\/p>\n<p style=\"text-align: justify\">Gr\u00e0cies a totes aquestes iniciatives i projectes, el Parc Cient\u00edfic de la UMH ha rebut nombrosos premis tant nacionals com internacionals que reconeixen l\u2019aposta per la innovaci\u00f3 i el talent d\u2019aquesta entitat. Per a continuar amb el seu objectiu, el Parc treballa di\u00e0riament per a convertir les seues empreses en un pol d\u2019atracci\u00f3 que ajude a situar aquesta zona d\u2019influ\u00e8ncia en un entorn ric i din\u00e0mic, capa\u00e7 d\u2019albergar companyies capdavanteres que milloren amb els seus desenvolupaments el dia a dia de la societat.<\/p>\n<p><\/p>","protected":false},"excerpt":{"rendered":"<p>El Parc Cient\u00edfic de la Universitat Miguel Hern\u00e1ndez (UMH) d\u2019Elx va n\u00e0ixer l\u2019any 2008 amb la finalitat de convertir-se en un gran espai empresarial que permetera albergar i impulsar un ampli nombre d\u2019empreses de base innovadora, tecnol\u00f2gica o de coneixement. Despr\u00e9s dels seus primers deu anys de vida, ha aconseguit donar cabuda a unes 80 [&#8230;]<\/p>\n","protected":false},"author":4355,"featured_media":0,"comment_status":"closed","ping_status":"open","sticky":false,"template":"","format":"standard","meta":{"ngg_post_thumbnail":0,"_links_to":"","_links_to_target":""},"categories":[770,69,2782,2783,43,2796,2777,2420],"tags":[],"_links":{"self":[{"href":"https:\/\/comunicacion.umh.es\/ca\/wp-json\/wp\/v2\/posts\/119372"}],"collection":[{"href":"https:\/\/comunicacion.umh.es\/ca\/wp-json\/wp\/v2\/posts"}],"about":[{"href":"https:\/\/comunicacion.umh.es\/ca\/wp-json\/wp\/v2\/types\/post"}],"author":[{"embeddable":true,"href":"https:\/\/comunicacion.umh.es\/ca\/wp-json\/wp\/v2\/users\/4355"}],"replies":[{"embeddable":true,"href":"https:\/\/comunicacion.umh.es\/ca\/wp-json\/wp\/v2\/comments?post=119372"}],"version-history":[{"count":0,"href":"https:\/\/comunicacion.umh.es\/ca\/wp-json\/wp\/v2\/posts\/119372\/revisions"}],"wp:attachment":[{"href":"https:\/\/comunicacion.umh.es\/ca\/wp-json\/wp\/v2\/media?parent=119372"}],"wp:term":[{"taxonomy":"category","embeddable":true,"href":"https:\/\/comunicacion.umh.es\/ca\/wp-json\/wp\/v2\/categories?post=119372"},{"taxonomy":"post_tag","embeddable":true,"href":"https:\/\/comunicacion.umh.es\/ca\/wp-json\/wp\/v2\/tags?post=119372"}],"curies":[{"name":"wp","href":"https:\/\/api.w.org\/{rel}","templated":true}]}}