{"id":1209,"date":"2011-09-26T14:38:02","date_gmt":"2011-09-26T12:38:02","guid":{"rendered":"http:\/\/comunicacion.zeus.umh.es\/?p=1209"},"modified":"2011-09-26T14:38:02","modified_gmt":"2011-09-26T12:38:02","slug":"la-vicerrectora-de-cultura-y-extension-universitaria-de-la-universidad-miguel-hernandez-umh-de-elche-esther-sitges-macia-y-el-alcalde-del-ayuntamiento-de-l%e2%80%99alfas-del-pi-vicente-arques","status":"publish","type":"post","link":"https:\/\/comunicacion.umh.es\/ca\/2011\/09\/26\/la-vicerrectora-de-cultura-y-extension-universitaria-de-la-universidad-miguel-hernandez-umh-de-elche-esther-sitges-macia-y-el-alcalde-del-ayuntamiento-de-l%e2%80%99alfas-del-pi-vicente-arques\/","title":{"rendered":"La UMH y el Ayuntamiento de l\u2019Alf\u00e0s del Pi firman dos convenios para la promoci\u00f3n del arte y la cultura"},"content":{"rendered":"<p>Pulse en enlace para descargar\u00a0audio de\u00a0<a href=\"https:\/\/comunicacion.umh.es\/files\/2011\/09\/26-09-11-corte-vicerrectora-umh.mp3\">Corte de voz de la La vicerrectora de Cultura y Extensi\u00f3n Universitaria de la Universidad Miguel Hern\u00e1ndez (UMH) de Elche, Esther Sitges Maci\u00e1\u00a0 en la firma de convenios con Ayuntamiento Alf\u00e0s del Pi<\/a><\/p>\n","protected":false},"excerpt":{"rendered":"<p>Pulse en enlace para descargar\u00a0audio de\u00a0Corte de voz de la La vicerrectora de Cultura y Extensi\u00f3n Universitaria de la Universidad Miguel Hern\u00e1ndez (UMH) de Elche, Esther Sitges Maci\u00e1\u00a0 en la firma de convenios con Ayuntamiento Alf\u00e0s del Pi<\/p>\n","protected":false},"author":309,"featured_media":0,"comment_status":"closed","ping_status":"open","sticky":false,"template":"","format":"standard","meta":{"ngg_post_thumbnail":0,"_links_to":"","_links_to_target":""},"categories":[642],"tags":[],"_links":{"self":[{"href":"https:\/\/comunicacion.umh.es\/ca\/wp-json\/wp\/v2\/posts\/1209"}],"collection":[{"href":"https:\/\/comunicacion.umh.es\/ca\/wp-json\/wp\/v2\/posts"}],"about":[{"href":"https:\/\/comunicacion.umh.es\/ca\/wp-json\/wp\/v2\/types\/post"}],"author":[{"embeddable":true,"href":"https:\/\/comunicacion.umh.es\/ca\/wp-json\/wp\/v2\/users\/309"}],"replies":[{"embeddable":true,"href":"https:\/\/comunicacion.umh.es\/ca\/wp-json\/wp\/v2\/comments?post=1209"}],"version-history":[{"count":0,"href":"https:\/\/comunicacion.umh.es\/ca\/wp-json\/wp\/v2\/posts\/1209\/revisions"}],"wp:attachment":[{"href":"https:\/\/comunicacion.umh.es\/ca\/wp-json\/wp\/v2\/media?parent=1209"}],"wp:term":[{"taxonomy":"category","embeddable":true,"href":"https:\/\/comunicacion.umh.es\/ca\/wp-json\/wp\/v2\/categories?post=1209"},{"taxonomy":"post_tag","embeddable":true,"href":"https:\/\/comunicacion.umh.es\/ca\/wp-json\/wp\/v2\/tags?post=1209"}],"curies":[{"name":"wp","href":"https:\/\/api.w.org\/{rel}","templated":true}]}}