{"id":125,"date":"2003-01-09T10:28:44","date_gmt":"2003-01-09T08:28:44","guid":{"rendered":"http:\/\/comunicacion.zeus.umh.es\/2008\/07\/08\/ceremonial-del-acto-8\/"},"modified":"2003-01-09T10:28:44","modified_gmt":"2003-01-09T08:28:44","slug":"ceremonial-del-acto-8","status":"publish","type":"post","link":"https:\/\/comunicacion.umh.es\/ca\/2003\/01\/09\/ceremonial-del-acto-8\/","title":{"rendered":"Ceremonial del Acto"},"content":{"rendered":"<p align=\"justify\"><strong><\/strong><\/p>\n<p align=\"justify\">&nbsp;<\/p>\n<p align=\"justify\"><a href=\"https:\/\/comunicacion.umh.es\/files\/2008\/07\/logo5.jpg\"><img loading=\"lazy\" border=\"0\" width=\"144\" src=\"https:\/\/comunicacion.umh.es\/files\/2008\/07\/logo-thumb5.jpg\" alt=\"logo\" height=\"144\" \/><\/a><\/p>\n<p align=\"justify\">&nbsp;<\/p>\n<p align=\"justify\">CEREMONIAL<\/p>\n<p align=\"justify\">&nbsp;<\/p>\n<p align=\"justify\">DEL SOLEMNE ACTO DE<\/p>\n<p align=\"justify\">INVESTIDURA COMO DOCTOR HONORIS CAUSA DEL<\/p>\n<p align=\"justify\"><strong><\/strong><\/p>\n<p align=\"justify\">EXCMO. SR. D. JOSEP CARRERAS COLL<\/p>\n<p align=\"justify\">Palau de las Bellas Artes de Altea<\/p>\n<p align=\"justify\">Jueves, 9 de enero de 2003<\/p>\n<p align=\"justify\">&nbsp;<\/p>\n<p align=\"justify\">PROGRAMA<\/p>\n<p align=\"justify\"><strong>1) <\/strong>Las autoridades, Claustro de Profesores y el Excelent\u00edsimo Se\u00f1or Don Josep Carreras Coll ser\u00e1n recibidos por el Rector Magn\u00edfico a las 18.30 horas en el Palau de las Bellas Artes de Altea.<\/p>\n<p align=\"justify\"><strong>2) <\/strong>El Claustro de Profesores, Doctor Honoris Causa y Autoridades, formar\u00e1n comitiva a las 18.50 horas, para dirigirse al lugar donde se celebra el acto.<\/p>\n<p align=\"justify\"><strong>3) <\/strong>A la entrada de la Comitiva, los presentes se pondr\u00e1n en pie. Constituida la Mesa Presidencial se entonar\u00e1 el himno <em><strong>Veni, Creator Spiritus.<\/strong><\/em><\/p>\n<p align=\"justify\"><strong>4) <\/strong>Terminado el himno el Rector dir\u00e1: <strong>&#8220;DOCTORES, SENT\u00c1OS Y CUBR\u00cdOS&#8221;.<\/strong><\/p>\n<p align=\"justify\"><strong>5) <\/strong>La Presidencia dir\u00e1: &#8220;<strong>SE ABRE LA SESI\u00d3N. SE VA A PROCEDER AL ACTO DE INVESTIDURA DEL EXCELENT\u00cdSIMO SE\u00d1OR DON JOSEP CARRERAS COLL COMO DOCTOR HONORIS CAUSA POR LA UNIVERSIDAD MIGUEL HERN\u00c1NDEZ&#8221;<\/strong><\/p>\n<p align=\"justify\"><strong>6) <\/strong>El Rector dir\u00e1:<strong> &#8220;EL SECRETARIO GENERAL SE DIGNAR\u00c1 IR A RECOGER Y ACOMPA\u00d1AR A ESTE CLAUSTRO AL DOCTORANDO Y A SU MADRINA, DOCTORA DO\u00d1A M\u00aa TERESA P\u00c9REZ V\u00c1ZQUEZ&#8221;.<\/strong><\/p>\n<p align=\"justify\"><strong>7) <\/strong>El Secretario General saldr\u00e1 en busca del Doctorando y su Madrina.<\/p>\n<p align=\"justify\">Interpretaci\u00f3n del <strong><em>Haleluja de G. F. Haendel<\/em><\/strong><\/p>\n<p align=\"justify\"><strong>8) <\/strong>A la entrada de la comitiva se pondr\u00e1 en pie todo el Claustro e invitados. El Doctorando revestido de toga y muceta, precedido del Secretario General y acompa\u00f1ado de su Madrina, se dirigir\u00e1 al lugar reservado al efecto y tomar\u00e1 asiento.<\/p>\n<p align=\"justify\"><strong>9) <\/strong>El Rector dir\u00e1: <strong>&#8220;EL SECRETARIO GENERAL DAR\u00c1 LECTURA AL DECRETO RECTORAL DE NOMBRAMIENTO COMO DOCTOR <em>HONORIS CAUSA <\/em>POR LA UNIVERSIDAD MIGUEL HERN\u00c1NDEZ DEL EXCELENT\u00cdSIMO SE\u00d1OR DON JOSEP CARRERAS COLL&#8221;<\/strong>.<\/p>\n<p align=\"justify\"><strong>10) <\/strong>El Secretario General procede a la lectura del Decreto Rectoral.<\/p>\n<p align=\"justify\"><strong>11) <\/strong>El Rector dir\u00e1: <strong>&#8220;LA MADRINA DEL DOCTORANDO TIENE LA PALABRA PARA<\/strong> <strong>PRONUNCIAR LA <em>LAUDATIO&#8221;<\/em>.<\/strong><\/p>\n<p align=\"justify\"><strong>12) <\/strong>La Madrina pronunciar\u00e1 la <em>Laudatio,<\/em> que terminar\u00e1 diciendo: <strong>&#8220;Y POR LO EXPUESTO, SOLICITO<\/strong> <strong>SE PROCEDA A INVESTIR AL EXCELENT\u00cdSIMO SE\u00d1OR DON JOSEP CARRERAS COLL COMO DOCTOR<\/strong> <strong><em>HONORIS CAUSA <\/em>POR LA UNIVERSIDAD MIGUEL HERN\u00c1NDEZ. <\/strong><\/p>\n<p align=\"justify\"><strong>13) <\/strong>El Rector dir\u00e1: <strong>&#8220;SE VA A PROCEDER A LA SOLEMNE<\/strong> <strong>INVESTIDURA, COMO DOCTOR HONORIS CAUSA DEL EXCELENT\u00cdSIMO SE\u00d1OR DON JOSEP CARRERAS COLL&#8221;. <\/strong>(El Doctorando, acompa\u00f1ado de su Madrina, se situar\u00e1 frente al Rector).<\/p>\n<p align=\"justify\"><strong>14) <\/strong>El Rector dir\u00e1: <strong>&#8220;SE\u00d1OR, YO, EL RECTOR, EN VIRTUD DE LA AUTORIDAD QUE ME EST\u00c1 CONFERIDA, OS ENTREGO EL T\u00cdTULO DE DOCTOR <em>HONORIS CAUSA <\/em>POR LA UNIVERSIDAD MIGUEL HERN\u00c1NDEZ. OS IMPONGO EL BIRRETE LAUREADO, S\u00cdMBOLO DISTINTIVO DEL ALTO MAGISTERIO ESPA\u00d1OL. LLEVADLO SOBRE VUESTRA CABEZA COMO LA CORONA DE VUESTROS ESTUDIOS Y MERECIMIENTOS&#8221;<\/strong> (Se lo impone).<\/p>\n<p align=\"justify\"><strong>15)<\/strong><strong> <\/strong>El Rector continuar\u00e1: <strong>&#8220;VUESTRA MADRINA ENTREGAR\u00c1 LOS DEM\u00c1S ATRIBUTOS DE VUESTROS HONORES: EN PRIMER LUGAR RECIBID EL LIBRO DE LA CIENCIA Y LA SABIDUR\u00cdA, QUE ES PRECISO QUE CULTIV\u00c9IS Y DIFUND\u00c1IS SIN DESCANSO, PARA QUE TENG\u00c1IS PRESENTE QUE, POR GRANDES QUE SEAN VUESTROS TALENTOS, SIEMPRE DEBER\u00c9IS MANIFESTAR REVERENCIA, RESPETO Y TODA CONSIDERACI\u00d3N A VUESTROS MAESTROS, QUE HAN SIDO VUESTROS PREDECESORES&#8221;. <\/strong>(La Madrina le har\u00e1 entrega del Libro de la Ciencia y la Sabidur\u00eda).<\/p>\n<p align=\"justify\">&nbsp;<\/p>\n<p align=\"justify\">&#8220;RECIBID EL ANTIGUO ANILLO, S\u00cdMBOLO DEL MATRIMONIO ENTRE VOS Y EL SABER Y EMBLEMA DEL PRIVILEGIO DE FIRMAR Y SELLAR LOS DICT\u00c1MENES, CONSULTAS Y CENSURAS DE VUESTRA CIENCIA Y PROFESI\u00d3N&#8221;.<\/p>\n<p align=\"justify\">(La Madrina le har\u00e1 entrega del Anillo).<\/p>\n<p align=\"justify\">&nbsp;<\/p>\n<p align=\"justify\">&#8220;RECIBID FINALMENTE LOS GUANTES BLANCOS, S\u00cdMBOLO DE LA PUREZA QUE DEBEN CONSERVAR VUESTRAS MANOS, Y SIGNO TAMBI\u00c9N DE VUESTRA ALTA CATEGOR\u00cdA&#8221;.<\/p>\n<p align=\"justify\">(La madrina le har\u00e1, entrega de los Guantes).<\/p>\n<p align=\"justify\"><strong>16)<\/strong><strong> <\/strong>A continuaci\u00f3n el Rector dir\u00e1: <strong>&#8220;INVITO AL NUEVO DOCTOR <em>HONORIS CAUSA<\/em> A PRESTAR JURAMENTO&#8221;.<\/strong><\/p>\n<p align=\"justify\"><strong>17) <\/strong>El Secretario General leer\u00e1 la siguiente f\u00f3rmula de juramento: <strong>&#8220;\u00bfJURAIS POR VUESTRA CONCIENCIA Y HONOR FIDELIDAD A LA UNIVERSIDAD MIGUEL HERN\u00c1NDEZ, DEFENDER Y GUARDAR SU HONRA Y PROVECHO, MANTENER EL ORDEN DE LOS ASIENTOS Y ANCIANIDADES, GUARDAR LOS ESTATUTOS QUE AHORA SON O POR TIEMPO SE HICIEREN, Y LLEVAR LOS DERECHOS DE LOS GRADOS POR ENTERO Y NO SOLTARLOS A PERSONA ALGUNA?&#8221;<\/strong><\/p>\n<p align=\"justify\"><strong>18) <\/strong>El Doctorando dir\u00e1: <strong>&#8220;SI, JURO&#8221;.<\/strong><\/p>\n<p align=\"justify\"><strong>19) <\/strong>Prestado el juramento, el Rector dir\u00e1:<strong>&#8220;EGREGIO DOCTOR, TE ADMITO E INCORPORO EN EL COLEGIO DE LOS DOCTORES DE LA ACADEMIA CON TODOS LOS HONORES, LIBERTADES, EXENCIONES Y PRIVILEGIOS QUE GOZAN O PUEDAN GOZAR LOS OTROS DOCTORES EN LA UNIVERSIDAD Y EN CUALQUIER OTRA PARTE DEL ORBE. RECIBE EL ABRAZO DE FRATERNIDAD DE LOS QUE SE HONRAN Y CONGRATULAN DE SER VUESTROS HERMANOS Y COMPA\u00d1EROS&#8221;. <\/strong>(Abrazan al Doctorando el Rector y la Madrina).<\/p>\n<p align=\"justify\"><strong>20)<\/strong><strong> <\/strong>Reintegrados todos a sus puestos, el Rector dir\u00e1: <strong>&#8220;TIENE LA<\/strong> <strong>PALABRA EL DOCTOR <\/strong><em>HONORIS CAUSA <\/em><strong>EXCELENT\u00cdSIMO SE\u00d1OR DON JOSEP CARRERAS COLL&#8221;.<\/strong><strong> <\/strong><\/p>\n<p align=\"justify\"><strong>21)<\/strong><strong> <\/strong>A continuaci\u00f3n, la Presidencia tomar\u00e1 la palabra y dir\u00e1 su discurso.<\/p>\n<p align=\"justify\"><strong>22) <\/strong>Puestos todos en pie y permaneciendo en sus sitios correspondientes, entonar\u00e1n el Gaudeamus Igitur.<\/p>\n<p align=\"justify\"><strong>23)<\/strong> Seguidamente la Presidencia dir\u00e1: <strong>&#8220;SE LEVANTA LA SESI\u00d3N&#8221;.<\/strong><\/p>\n<p align=\"justify\"><strong>24)<\/strong><strong> <\/strong>Sale el Cortejo Acad\u00e9mico en orden inverso al de entrada.<\/p>\n<p align=\"justify\"><strong>GAUDEAMUS IGITUR<\/strong>.<\/p>\n","protected":false},"excerpt":{"rendered":"<p>&nbsp;<\/p>\n<p>&nbsp;<br \/>\nCEREMONIAL<br \/>\n&nbsp;<br \/>\nDEL SOLEMNE ACTO DE<br \/>\nINVESTIDURA COMO DOCTOR HONORIS CAUSA DEL<\/p>\n<p>EXCMO. SR. D. JOSEP CARRERAS COLL<br \/>\nPalau de las Bellas Artes de Altea<br \/>\nJueves, 9 de enero de 2003<br \/>\n&nbsp;<br \/>\nPROGRAMA<br \/>\n1) Las autoridades, Claustro de Profesores y el Excelent\u00edsimo Se\u00f1or Don Josep Carreras Coll ser\u00e1n recibidos por el Rector Magn\u00edfico a las 18.30 horas en el Palau de las Bellas Artes [&#8230;]<\/p>\n","protected":false},"author":1,"featured_media":0,"comment_status":"closed","ping_status":"open","sticky":false,"template":"","format":"standard","meta":{"ngg_post_thumbnail":0,"_links_to":"","_links_to_target":""},"categories":[1],"tags":[],"_links":{"self":[{"href":"https:\/\/comunicacion.umh.es\/ca\/wp-json\/wp\/v2\/posts\/125"}],"collection":[{"href":"https:\/\/comunicacion.umh.es\/ca\/wp-json\/wp\/v2\/posts"}],"about":[{"href":"https:\/\/comunicacion.umh.es\/ca\/wp-json\/wp\/v2\/types\/post"}],"author":[{"embeddable":true,"href":"https:\/\/comunicacion.umh.es\/ca\/wp-json\/wp\/v2\/users\/1"}],"replies":[{"embeddable":true,"href":"https:\/\/comunicacion.umh.es\/ca\/wp-json\/wp\/v2\/comments?post=125"}],"version-history":[{"count":0,"href":"https:\/\/comunicacion.umh.es\/ca\/wp-json\/wp\/v2\/posts\/125\/revisions"}],"wp:attachment":[{"href":"https:\/\/comunicacion.umh.es\/ca\/wp-json\/wp\/v2\/media?parent=125"}],"wp:term":[{"taxonomy":"category","embeddable":true,"href":"https:\/\/comunicacion.umh.es\/ca\/wp-json\/wp\/v2\/categories?post=125"},{"taxonomy":"post_tag","embeddable":true,"href":"https:\/\/comunicacion.umh.es\/ca\/wp-json\/wp\/v2\/tags?post=125"}],"curies":[{"name":"wp","href":"https:\/\/api.w.org\/{rel}","templated":true}]}}