{"id":126,"date":"2003-01-09T10:30:01","date_gmt":"2003-01-09T08:30:01","guid":{"rendered":"http:\/\/comunicacion.zeus.umh.es\/2008\/07\/08\/biografa-de-d-josep-carreras-coll\/"},"modified":"2003-01-09T10:30:01","modified_gmt":"2003-01-09T08:30:01","slug":"biografa-de-d-josep-carreras-coll","status":"publish","type":"post","link":"https:\/\/comunicacion.umh.es\/ca\/2003\/01\/09\/biografa-de-d-josep-carreras-coll\/","title":{"rendered":"Biograf&#237;a de D. Josep Carreras Coll"},"content":{"rendered":"<p align=\"justify\">&nbsp;<\/p>\n<p align=\"justify\">JOSEP CARRERAS<\/p>\n<p align=\"justify\">JOSEP CARRERAS ocupa hoy una posici\u00f3n privilegiada dentro del mundo de la m\u00fasica. Nacido en Barcelona, curs\u00f3 los estudios musicales en su ciudad natal. Inici\u00f3 su carrera profesional el a\u00f1o 1970 en el Gran Teatre del Liceu de Barcelona con las obras NABUCCO y LUCREZIA BORGIA.<\/p>\n<p align=\"justify\">Su mete\u00f3rica carrera musical lo hizo debutar muy joven en los m\u00e1s grandes e importantes teatros y festivales del mundo, incluyendo el Teatro alla Scala de Mil\u00e1n, el Metropolitan Opera House de Nueva York, La \u00d3pera de San Francisco, la Staatsoper de Viena, La Royal Opera House de Londres, La \u00d3pera de Munich, La \u00d3pera de Chicago y los festivales de Salzburgo, Aix en Provence, Edimburgo y Verona.<\/p>\n<p align=\"justify\">Josep Carreras ha colaborado con los m\u00e1s prestigiosos directores de orquesta, tales como: Herbert von Karajan (con quien mantuvo una relaci\u00f3n art\u00edstica y personal de m\u00e1s de doce a\u00f1os que incluy\u00f3 actuaciones en Salzburgo, Berl\u00edn y Viena), Claudio Abbado, Riccardo Muti, Lorin Maazel, Riccardo Chailly, Colin Davis, Giuseppe Sinopoli, James Levine, Carlo Maria Giulini, Leonard Bernstein y Zubin Metha. Adem\u00e1s de directores de escena como: Franco Zeffirelli, Jean Pierre Ponnelle, Giorgio Strehler, Luigi Comencini y Harold Prince.<\/p>\n<p align=\"justify\">Su repertorio se compone de m\u00e1s de sesenta \u00f3peras y ha protagonizado diversas filmaciones oper\u00edsticas para Televisi\u00f3n, Cine y V\u00eddeo. Su extensa discograf\u00eda incluye m\u00e1s de 150 grabaciones entre las que destacan 50 \u00f3peras completas, oratorios, recitales cl\u00e1sicos y tambi\u00e9n de m\u00fasica popular. Ha recibido numerosos discos de oro y platino en todo el mundo.<\/p>\n<p align=\"justify\">Ha ofrecido frecuentes recitales en salas tan prestigiosas como el Carnegie Hall y el Avery Fisher Hall de Nueva York; el Royal Festival Hall, el Barbican Hall y el Royal Albert Hall de Londres; la Salle Pleyel de Par\u00eds, los Musikverein y Konzerthaus de Viena, la Philharmonie de Berl\u00edn, los Suntory Hall y NHK Hall de Tok<strong>i<\/strong>o, el Grosses Festspielhaus de Salzburgo, la Philharmonie y el Hercules Saal de Munich, el Palau de la M\u00fasica de Barcelona, el Teatro Real de Madrid y la Accademia Santa Cecilia de Roma.<\/p>\n<p align=\"justify\">Ha sido condecorado con numerosos premios y distinciones, nacionales e internacionales, incluyendo el Premio Emmy de la Academia de las Artes y las Ciencias de la Televisi\u00f3n de los Estados Unidos, el Gran Premio del Disco de la Academia de Par\u00eds, el Premio Luigi Illica, el Premio Grammy 1991 y el Premio Sir Lawrence Olivier. Es Kammers\u00e4nger de la Staatsoper de Viena as\u00ed como Miembro de Honor Vitalicio de este mismo Teatro, es Miembro de Honor de la Royal Academy of Music de Londres, ha recibido la Medalla de Oro del Spanish Institute de Nueva York, la Medalla de Oro de la Ciudad de Viena, la Medalla de Oro de Bellas Artes otorgada por Su Majestad el Rey de Espa\u00f1a, la Medalla de Oro de la Ciudad de Barcelona, la Medalla de Oro de la Generalitat de Catalunya, el Premio Pr\u00edncipe de Asturias 1991, es Commandeur de l\u2019Ordre des Arts et des Lettres y Chevalier dans l\u2019Ordre de la L\u00e9gion d\u2019Honneur de la R\u00e9publique Fran\u00e7aise, Gran Croce di Cavaliere y Grande Ufficiale della Reppublica Italiana, Medalla de Honor de Baviera, Gran Orden del M\u00e9rito de la Rep\u00fablica de Austria, Cruz de Comendador de la Orden al M\u00e9rito de la Rep\u00fablica de Polonia, Embajador de Buena Voluntad de la UNESCO y recibi\u00f3 el premio Albert Schweitzer Music Award 1996. Adem\u00e1s es Presidente de Honor del Concurso Internacional de Canto Juli\u00e1n Gayarre y Presidente de Honor de la London Arts Orchestra.<\/p>\n<p align=\"justify\">Ha recibido la distinci\u00f3n de Doctor Honoris Causa por la Universidad de Barcelona, por las Universidades de Loughborough y Sheffield (Gran Breta\u00f1a), por la Universidad Mendeleyev de Mosc\u00fa (Rusia) y por la Universidad de Camerino (Italia). Asimismo, Josep Carreras recibi\u00f3 el Doctorado Honor\u00edfico de las Artes por la Universidad Napier de Edinburgo (Escocia) y, en mayo de 2002, por la Universidad Rutgers (Estados Unidos). Es Miembro de Honor de la European Society for Medicine, Patr\u00f3n de Honor de la European Society for Medical Oncology, Miembro de Honor del Leukaemia Support Group y de la European Haematology Association, le ha sido concedida la Medalla de Oro de la Sociedad Catalana de Trasplantes, el Diamond Tulip Award de la Fundaci\u00f3n Stichting Day by Day de Holanda y el premio St. Boniface General Hospital Research Foundation 1996 International Award.<\/p>\n<p align=\"justify\">Desde 1988, y junto a sus actividades profesionales, preside con extrema dedicaci\u00f3n y entusiasmo la Fundaci\u00f3n Internacional Josep Carreras para la Lucha contra la Leucemia establecida en Barcelona y con sedes en los Estados Unidos, Suiza y Alemania. Esta Fundaci\u00f3n es actualmente, sin duda, una de sus m\u00e1s importantes prioridades.<\/p>\n","protected":false},"excerpt":{"rendered":"<p>&nbsp;<br \/>\nJOSEP CARRERAS<br \/>\nJOSEP CARRERAS ocupa hoy una posici\u00f3n privilegiada dentro del mundo de la m\u00fasica. Nacido en Barcelona, curs\u00f3 los estudios musicales en su ciudad natal. Inici\u00f3 su carrera profesional el a\u00f1o 1970 en el Gran Teatre del Liceu de Barcelona con las obras NABUCCO y LUCREZIA BORGIA.<br \/>\nSu mete\u00f3rica carrera musical lo hizo debutar muy joven [&#8230;]<\/p>\n","protected":false},"author":1,"featured_media":0,"comment_status":"closed","ping_status":"open","sticky":false,"template":"","format":"standard","meta":{"ngg_post_thumbnail":0,"_links_to":"","_links_to_target":""},"categories":[1],"tags":[],"_links":{"self":[{"href":"https:\/\/comunicacion.umh.es\/ca\/wp-json\/wp\/v2\/posts\/126"}],"collection":[{"href":"https:\/\/comunicacion.umh.es\/ca\/wp-json\/wp\/v2\/posts"}],"about":[{"href":"https:\/\/comunicacion.umh.es\/ca\/wp-json\/wp\/v2\/types\/post"}],"author":[{"embeddable":true,"href":"https:\/\/comunicacion.umh.es\/ca\/wp-json\/wp\/v2\/users\/1"}],"replies":[{"embeddable":true,"href":"https:\/\/comunicacion.umh.es\/ca\/wp-json\/wp\/v2\/comments?post=126"}],"version-history":[{"count":0,"href":"https:\/\/comunicacion.umh.es\/ca\/wp-json\/wp\/v2\/posts\/126\/revisions"}],"wp:attachment":[{"href":"https:\/\/comunicacion.umh.es\/ca\/wp-json\/wp\/v2\/media?parent=126"}],"wp:term":[{"taxonomy":"category","embeddable":true,"href":"https:\/\/comunicacion.umh.es\/ca\/wp-json\/wp\/v2\/categories?post=126"},{"taxonomy":"post_tag","embeddable":true,"href":"https:\/\/comunicacion.umh.es\/ca\/wp-json\/wp\/v2\/tags?post=126"}],"curies":[{"name":"wp","href":"https:\/\/api.w.org\/{rel}","templated":true}]}}