{"id":126359,"date":"2019-06-21T09:45:01","date_gmt":"2019-06-21T07:45:01","guid":{"rendered":"http:\/\/comunicacion.umh.es\/?p=126359"},"modified":"2019-06-21T12:00:35","modified_gmt":"2019-06-21T10:00:35","slug":"el-profesor-manuel-jordan-participa-en-el-libro-vitrificacion-y-geopolimerizacion-de-residuos-para-su-inmovilizacion-o-reciclado","status":"publish","type":"post","link":"https:\/\/comunicacion.umh.es\/ca\/2019\/06\/21\/el-profesor-manuel-jordan-participa-en-el-libro-vitrificacion-y-geopolimerizacion-de-residuos-para-su-inmovilizacion-o-reciclado\/","title":{"rendered":"<span lang=\"es\">(Espa\u00f1ol) El profesor Manuel Jord\u00e1n participa en el libro \u201cVitrificaci\u00f3n y geopolimerizaci\u00f3n de residuos para su inmovilizaci\u00f3n o reciclado\u201d<\/span>"},"content":{"rendered":"<p class=\"qtranxs-available-languages-message qtranxs-available-languages-message-ca\">Ho sent, per\u00f2 aquesta entrada nom\u00e9s est\u00e0 disponible en <a href=\"https:\/\/comunicacion.umh.es\/es\/wp-json\/wp\/v2\/posts\/126359\" class=\"qtranxs-available-language-link qtranxs-available-language-link-es\" title=\"Espa\u00f1ol\">Espanyol Europeu<\/a>.<\/p>","protected":false},"excerpt":{"rendered":"<p>Ho sent, per\u00f2 aquesta entrada nom\u00e9s est\u00e0 disponible en Espanyol Europeu.<\/p>\n","protected":false},"author":4355,"featured_media":0,"comment_status":"closed","ping_status":"open","sticky":false,"template":"","format":"standard","meta":{"ngg_post_thumbnail":0,"_links_to":"","_links_to_target":""},"categories":[770,69,2782,191,43,2796,2420],"tags":[],"_links":{"self":[{"href":"https:\/\/comunicacion.umh.es\/ca\/wp-json\/wp\/v2\/posts\/126359"}],"collection":[{"href":"https:\/\/comunicacion.umh.es\/ca\/wp-json\/wp\/v2\/posts"}],"about":[{"href":"https:\/\/comunicacion.umh.es\/ca\/wp-json\/wp\/v2\/types\/post"}],"author":[{"embeddable":true,"href":"https:\/\/comunicacion.umh.es\/ca\/wp-json\/wp\/v2\/users\/4355"}],"replies":[{"embeddable":true,"href":"https:\/\/comunicacion.umh.es\/ca\/wp-json\/wp\/v2\/comments?post=126359"}],"version-history":[{"count":0,"href":"https:\/\/comunicacion.umh.es\/ca\/wp-json\/wp\/v2\/posts\/126359\/revisions"}],"wp:attachment":[{"href":"https:\/\/comunicacion.umh.es\/ca\/wp-json\/wp\/v2\/media?parent=126359"}],"wp:term":[{"taxonomy":"category","embeddable":true,"href":"https:\/\/comunicacion.umh.es\/ca\/wp-json\/wp\/v2\/categories?post=126359"},{"taxonomy":"post_tag","embeddable":true,"href":"https:\/\/comunicacion.umh.es\/ca\/wp-json\/wp\/v2\/tags?post=126359"}],"curies":[{"name":"wp","href":"https:\/\/api.w.org\/{rel}","templated":true}]}}