{"id":1271,"date":"2011-11-02T13:48:32","date_gmt":"2011-11-02T11:48:32","guid":{"rendered":"http:\/\/comunicacion.umh.es\/2011\/11\/02\/foto-la-umh-agradece-la-colaboracion-a-los-municipios-del-camino-de-santiago-que-han-acogido-a-estudiantes-de-podologia\/"},"modified":"2011-11-02T13:49:43","modified_gmt":"2011-11-02T11:49:43","slug":"foto-la-umh-agradece-la-colaboracion-a-los-municipios-del-camino-de-santiago-que-han-acogido-a-estudiantes-de-podologia","status":"publish","type":"post","link":"https:\/\/comunicacion.umh.es\/ca\/2011\/11\/02\/foto-la-umh-agradece-la-colaboracion-a-los-municipios-del-camino-de-santiago-que-han-acogido-a-estudiantes-de-podologia\/","title":{"rendered":"<span lang=\"es\">(Espa\u00f1ol) Foto. La UMH agradece la colaboraci\u00f3n a los municipios del Camino de Santiago que han acogido a estudiantes de Podolog\u00eda<\/span>"},"content":{"rendered":"<p><\/p>\n<\/p>\n<p><\/p>","protected":false},"excerpt":{"rendered":"","protected":false},"author":308,"featured_media":0,"comment_status":"closed","ping_status":"open","sticky":false,"template":"","format":"standard","meta":{"ngg_post_thumbnail":0,"_links_to":"","_links_to_target":""},"categories":[641,643,668],"tags":[],"_links":{"self":[{"href":"https:\/\/comunicacion.umh.es\/ca\/wp-json\/wp\/v2\/posts\/1271"}],"collection":[{"href":"https:\/\/comunicacion.umh.es\/ca\/wp-json\/wp\/v2\/posts"}],"about":[{"href":"https:\/\/comunicacion.umh.es\/ca\/wp-json\/wp\/v2\/types\/post"}],"author":[{"embeddable":true,"href":"https:\/\/comunicacion.umh.es\/ca\/wp-json\/wp\/v2\/users\/308"}],"replies":[{"embeddable":true,"href":"https:\/\/comunicacion.umh.es\/ca\/wp-json\/wp\/v2\/comments?post=1271"}],"version-history":[{"count":0,"href":"https:\/\/comunicacion.umh.es\/ca\/wp-json\/wp\/v2\/posts\/1271\/revisions"}],"wp:attachment":[{"href":"https:\/\/comunicacion.umh.es\/ca\/wp-json\/wp\/v2\/media?parent=1271"}],"wp:term":[{"taxonomy":"category","embeddable":true,"href":"https:\/\/comunicacion.umh.es\/ca\/wp-json\/wp\/v2\/categories?post=1271"},{"taxonomy":"post_tag","embeddable":true,"href":"https:\/\/comunicacion.umh.es\/ca\/wp-json\/wp\/v2\/tags?post=1271"}],"curies":[{"name":"wp","href":"https:\/\/api.w.org\/{rel}","templated":true}]}}