{"id":1288,"date":"2011-11-08T14:37:39","date_gmt":"2011-11-08T12:37:39","guid":{"rendered":"http:\/\/comunicacion.umh.es\/2011\/11\/08\/valencia-la-umh-firma-un-convenio-de-colaboracion-con-la-fundacion-fair-play-para-el-desarrollo-y-fomento-del-futbol-base\/"},"modified":"2011-11-08T14:37:39","modified_gmt":"2011-11-08T12:37:39","slug":"valencia-la-umh-firma-un-convenio-de-colaboracion-con-la-fundacion-fair-play-para-el-desarrollo-y-fomento-del-futbol-base","status":"publish","type":"post","link":"https:\/\/comunicacion.umh.es\/ca\/2011\/11\/08\/valencia-la-umh-firma-un-convenio-de-colaboracion-con-la-fundacion-fair-play-para-el-desarrollo-y-fomento-del-futbol-base\/","title":{"rendered":"La UMH  firma un convenio de colaboraci\u00f3n con la Fundaci\u00f3n Fair Play para el desarrollo y fomento del f\u00fatbol base"},"content":{"rendered":"<p class=\"qtranxs-available-languages-message qtranxs-available-languages-message-ca\">Ho sent, per\u00f2 aquesta entrada nom\u00e9s est\u00e0 disponible en <a href=\"https:\/\/comunicacion.umh.es\/es\/wp-json\/wp\/v2\/posts\/1288\" class=\"qtranxs-available-language-link qtranxs-available-language-link-es\" title=\"Espa\u00f1ol\">Espanyol Europeu<\/a>.<\/p>","protected":false},"excerpt":{"rendered":"<p>Ho sent, per\u00f2 aquesta entrada nom\u00e9s est\u00e0 disponible en Espanyol Europeu.<\/p>\n","protected":false},"author":308,"featured_media":0,"comment_status":"closed","ping_status":"open","sticky":false,"template":"","format":"standard","meta":{"ngg_post_thumbnail":0,"_links_to":"","_links_to_target":""},"categories":[643],"tags":[],"_links":{"self":[{"href":"https:\/\/comunicacion.umh.es\/ca\/wp-json\/wp\/v2\/posts\/1288"}],"collection":[{"href":"https:\/\/comunicacion.umh.es\/ca\/wp-json\/wp\/v2\/posts"}],"about":[{"href":"https:\/\/comunicacion.umh.es\/ca\/wp-json\/wp\/v2\/types\/post"}],"author":[{"embeddable":true,"href":"https:\/\/comunicacion.umh.es\/ca\/wp-json\/wp\/v2\/users\/308"}],"replies":[{"embeddable":true,"href":"https:\/\/comunicacion.umh.es\/ca\/wp-json\/wp\/v2\/comments?post=1288"}],"version-history":[{"count":0,"href":"https:\/\/comunicacion.umh.es\/ca\/wp-json\/wp\/v2\/posts\/1288\/revisions"}],"wp:attachment":[{"href":"https:\/\/comunicacion.umh.es\/ca\/wp-json\/wp\/v2\/media?parent=1288"}],"wp:term":[{"taxonomy":"category","embeddable":true,"href":"https:\/\/comunicacion.umh.es\/ca\/wp-json\/wp\/v2\/categories?post=1288"},{"taxonomy":"post_tag","embeddable":true,"href":"https:\/\/comunicacion.umh.es\/ca\/wp-json\/wp\/v2\/tags?post=1288"}],"curies":[{"name":"wp","href":"https:\/\/api.w.org\/{rel}","templated":true}]}}