{"id":129242,"date":"2019-10-15T11:00:46","date_gmt":"2019-10-15T09:00:46","guid":{"rendered":"http:\/\/comunicacion.umh.es\/?p=129242"},"modified":"2019-10-15T11:39:08","modified_gmt":"2019-10-15T09:39:08","slug":"la-umh-lider-en-creacion-de-empresas-tecnologicas-en-la-comunidad-valenciana-segun-el-ranking-de-universidades-de-la-fundacion-cyd","status":"publish","type":"post","link":"https:\/\/comunicacion.umh.es\/ca\/2019\/10\/15\/la-umh-lider-en-creacion-de-empresas-tecnologicas-en-la-comunidad-valenciana-segun-el-ranking-de-universidades-de-la-fundacion-cyd\/","title":{"rendered":"<span lang=\"es\">(Espa\u00f1ol) La UMH, l\u00edder en creaci\u00f3n de empresas tecnol\u00f3gicas en la Comunidad Valenciana seg\u00fan el ranking de universidades de la Fundaci\u00f3n CyD<\/span>"},"content":{"rendered":"<p class=\"qtranxs-available-languages-message qtranxs-available-languages-message-ca\">Ho sent, per\u00f2 aquesta entrada nom\u00e9s est\u00e0 disponible en <a href=\"https:\/\/comunicacion.umh.es\/es\/wp-json\/wp\/v2\/posts\/129242\" class=\"qtranxs-available-language-link qtranxs-available-language-link-es\" title=\"Espa\u00f1ol\">Espanyol Europeu<\/a>.<\/p>","protected":false},"excerpt":{"rendered":"<p>Ho sent, per\u00f2 aquesta entrada nom\u00e9s est\u00e0 disponible en Espanyol Europeu.<\/p>\n","protected":false},"author":4868,"featured_media":0,"comment_status":"closed","ping_status":"open","sticky":false,"template":"","format":"standard","meta":{"ngg_post_thumbnail":0,"_links_to":"","_links_to_target":""},"categories":[770,69,2782,2115,2783,43],"tags":[],"_links":{"self":[{"href":"https:\/\/comunicacion.umh.es\/ca\/wp-json\/wp\/v2\/posts\/129242"}],"collection":[{"href":"https:\/\/comunicacion.umh.es\/ca\/wp-json\/wp\/v2\/posts"}],"about":[{"href":"https:\/\/comunicacion.umh.es\/ca\/wp-json\/wp\/v2\/types\/post"}],"author":[{"embeddable":true,"href":"https:\/\/comunicacion.umh.es\/ca\/wp-json\/wp\/v2\/users\/4868"}],"replies":[{"embeddable":true,"href":"https:\/\/comunicacion.umh.es\/ca\/wp-json\/wp\/v2\/comments?post=129242"}],"version-history":[{"count":0,"href":"https:\/\/comunicacion.umh.es\/ca\/wp-json\/wp\/v2\/posts\/129242\/revisions"}],"wp:attachment":[{"href":"https:\/\/comunicacion.umh.es\/ca\/wp-json\/wp\/v2\/media?parent=129242"}],"wp:term":[{"taxonomy":"category","embeddable":true,"href":"https:\/\/comunicacion.umh.es\/ca\/wp-json\/wp\/v2\/categories?post=129242"},{"taxonomy":"post_tag","embeddable":true,"href":"https:\/\/comunicacion.umh.es\/ca\/wp-json\/wp\/v2\/tags?post=129242"}],"curies":[{"name":"wp","href":"https:\/\/api.w.org\/{rel}","templated":true}]}}