{"id":131855,"date":"2019-12-23T09:00:47","date_gmt":"2019-12-23T08:00:47","guid":{"rendered":"https:\/\/comunicacion.umh.es\/?p=131855"},"modified":"2019-12-23T12:31:28","modified_gmt":"2019-12-23T11:31:28","slug":"el-pcumh-lanza-divulga-la-plataforma-audiovisual-para-la-divulgacion-de-la-actualidad-y-la-innovacion-sobre-ciencia-y-tecnologia","status":"publish","type":"post","link":"https:\/\/comunicacion.umh.es\/ca\/2019\/12\/23\/el-pcumh-lanza-divulga-la-plataforma-audiovisual-para-la-divulgacion-de-la-actualidad-y-la-innovacion-sobre-ciencia-y-tecnologia\/","title":{"rendered":"<span lang=\"es\">(Espa\u00f1ol) El PCUMH lanza Divulga, la plataforma audiovisual para la divulgaci\u00f3n de la actualidad y la innovaci\u00f3n sobre ciencia y tecnolog\u00eda<\/span>"},"content":{"rendered":"<p class=\"qtranxs-available-languages-message qtranxs-available-languages-message-ca\">Ho sent, per\u00f2 aquesta entrada nom\u00e9s est\u00e0 disponible en <a href=\"https:\/\/comunicacion.umh.es\/es\/wp-json\/wp\/v2\/posts\/131855\" class=\"qtranxs-available-language-link qtranxs-available-language-link-es\" title=\"Espa\u00f1ol\">Espanyol Europeu<\/a>.<\/p>","protected":false},"excerpt":{"rendered":"<p>Ho sent, per\u00f2 aquesta entrada nom\u00e9s est\u00e0 disponible en Espanyol Europeu.<\/p>\n","protected":false},"author":2693,"featured_media":0,"comment_status":"closed","ping_status":"open","sticky":false,"template":"","format":"standard","meta":{"ngg_post_thumbnail":0,"_links_to":"","_links_to_target":""},"categories":[770,69,2782,191,43,2796,2420],"tags":[],"_links":{"self":[{"href":"https:\/\/comunicacion.umh.es\/ca\/wp-json\/wp\/v2\/posts\/131855"}],"collection":[{"href":"https:\/\/comunicacion.umh.es\/ca\/wp-json\/wp\/v2\/posts"}],"about":[{"href":"https:\/\/comunicacion.umh.es\/ca\/wp-json\/wp\/v2\/types\/post"}],"author":[{"embeddable":true,"href":"https:\/\/comunicacion.umh.es\/ca\/wp-json\/wp\/v2\/users\/2693"}],"replies":[{"embeddable":true,"href":"https:\/\/comunicacion.umh.es\/ca\/wp-json\/wp\/v2\/comments?post=131855"}],"version-history":[{"count":0,"href":"https:\/\/comunicacion.umh.es\/ca\/wp-json\/wp\/v2\/posts\/131855\/revisions"}],"wp:attachment":[{"href":"https:\/\/comunicacion.umh.es\/ca\/wp-json\/wp\/v2\/media?parent=131855"}],"wp:term":[{"taxonomy":"category","embeddable":true,"href":"https:\/\/comunicacion.umh.es\/ca\/wp-json\/wp\/v2\/categories?post=131855"},{"taxonomy":"post_tag","embeddable":true,"href":"https:\/\/comunicacion.umh.es\/ca\/wp-json\/wp\/v2\/tags?post=131855"}],"curies":[{"name":"wp","href":"https:\/\/api.w.org\/{rel}","templated":true}]}}