{"id":132146,"date":"2020-01-15T10:30:05","date_gmt":"2020-01-15T09:30:05","guid":{"rendered":"https:\/\/comunicacion.umh.es\/?p=132146"},"modified":"2020-03-04T08:54:50","modified_gmt":"2020-03-04T07:54:50","slug":"la-umh-celebra-la-primera-reunion-constitutiva-de-la-comision-de-seguimiento-de-los-ods-de-la-agenda-2030-de-las-naciones-unidas","status":"publish","type":"post","link":"https:\/\/comunicacion.umh.es\/ca\/2020\/01\/15\/la-umh-celebra-la-primera-reunion-constitutiva-de-la-comision-de-seguimiento-de-los-ods-de-la-agenda-2030-de-las-naciones-unidas\/","title":{"rendered":"Comissi\u00f3 de Seguiment dels ODS de l\u2019Agenda 2030 de les Nacions Unides"},"content":{"rendered":"<p><\/p>\n<p style=\"text-align: justify\">Despr\u00e9s de ser aprovada pel Consell de Govern de la Universitat Miguel Hern\u00e1ndez (UMH), s\u2019ha celebrat la primera reuni\u00f3 constitutiva de la Comissi\u00f3 de Seguiment dels Objectius de Desenvolupament Sostenible (ODS) de l\u2019Agenda 2030 de les Nacions Unides. El Vicerectorat d\u2019Inclusi\u00f3, Sostenibilitat i Esports de la UMH \u00e9s l\u2019encarregat de la responsabilitat i gesti\u00f3 de la comissi\u00f3 esmentada.<!--more--><\/p>\n<p style=\"text-align: justify\"><a href=\"https:\/\/comunicacion.umh.es\/files\/2020\/01\/ppal-def.jpg\"><img loading=\"lazy\" class=\"size-medium wp-image-132147 alignleft\" src=\"https:\/\/comunicacion.umh.es\/files\/2020\/01\/ppal-def-300x200.jpg\" alt=\"\" width=\"300\" height=\"200\" srcset=\"https:\/\/comunicacion.umh.es\/files\/2020\/01\/ppal-def-300x200.jpg 300w, https:\/\/comunicacion.umh.es\/files\/2020\/01\/ppal-def-768x512.jpg 768w, https:\/\/comunicacion.umh.es\/files\/2020\/01\/ppal-def-1024x683.jpg 1024w, https:\/\/comunicacion.umh.es\/files\/2020\/01\/ppal-def-960x640.jpg 960w, https:\/\/comunicacion.umh.es\/files\/2020\/01\/ppal-def-480x320.jpg 480w, https:\/\/comunicacion.umh.es\/files\/2020\/01\/ppal-def-320x213.jpg 320w, https:\/\/comunicacion.umh.es\/files\/2020\/01\/ppal-def-240x160.jpg 240w\" sizes=\"(max-width: 300px) 100vw, 300px\" \/><\/a>Entre les seues principals comeses destaquen liderar iniciatives, estudis, activitats de formaci\u00f3 i investigacions; fomentar vincles de la UMH amb tercers en mat\u00e8ria d\u2019ODS; definir l\u00ednies mestres i de comunicaci\u00f3 per a fer permeables&nbsp; els ODS en les activitats i accions de la UMH; promoure la incentivaci\u00f3 i el reconeixement d\u2019accions en la mat\u00e8ria; fomentar activitats de divulgaci\u00f3, formaci\u00f3 i sensibilitzaci\u00f3; aix\u00ed com incentivar la cooperaci\u00f3 al desenvolupament i el voluntariat local i internacional. Aix\u00ed mateix, des d\u2019aquesta comissi\u00f3 es pret\u00e9n promoure la realitzaci\u00f3 de projectes d\u2019investigaci\u00f3 en ODS i articular el Pla estrat\u00e8gic de l\u2019Agenda UMH 2030.<\/p>\n<p style=\"text-align: justify\">En aquesta primera reuni\u00f3, s\u2019han recopilat i analitzat totes les accions que ja es fa en la UMH en mat\u00e8ria d\u2019ODS per a confluir en accions transversals, que impliquen i arriben a tota la comunitat universit\u00e0ria: estudiantat, personal d\u2019administraci\u00f3 i serveis (PAS) i personal docent i investigador (PDI). Entre les accions posades en marxa i planificades per a 2020 es troba la realitzaci\u00f3 d\u2019una cartografia dels ODS en la UMH, a l\u2019empara del conveni que la Generalitat mant\u00e9 amb la UMH en mat\u00e8ria de cooperaci\u00f3 al desenvolupament, que permeta con\u00e9ixer el seu actual grau de coneixement o implantaci\u00f3. Aix\u00ed mateix, destaquen el projecte pilot de consum responsable per a reduir l\u2019\u00fas de pl\u00e0stics en cafeteria; el pr\u00f2xim llan\u00e7ament del I Pla d\u2019equitat, diversitat i inclusi\u00f3; la incorporaci\u00f3 de nous productes sostenibles a la Tenda UMH; i les accions realitzades des de la C\u00e0tedra Seu de la UMH a Ruanda, aix\u00ed com la pr\u00f2xima C\u00e0tedra de Desenvolupament Sostenible en l\u2019Eix de Prosperitat, que tindr\u00e0 la seu en el campus d\u2019Oriola-Saleses. &nbsp;<\/p>\n<p style=\"text-align: justify\">La Comissi\u00f3, presidida pel rector de la UMH, Juan Jos\u00e9 Ruiz, compta amb la participaci\u00f3 dels vicerectorats d\u2019Estudiants i Coordinaci\u00f3; de Relacions Institucionals; d\u2019Estudis; d\u2019Inclusi\u00f3, &nbsp;Sostenibilitat i Esports; d\u2019Infraestructures; d\u2019Investigaci\u00f3; de Relacions Internacionals; i de Transfer\u00e8ncia i Intercanvi del Coneixement; aix\u00ed com les direccions de l\u2019Oficina Ambiental; la Unitat d\u2019Igualtat i Diversitat; i el Servei de Relacions Internacionals, Cooperaci\u00f3 al Desenvolupament i Voluntariat, aix\u00ed com la Delegaci\u00f3 General d\u2019Estudiants de la UMH.<\/p>\n<p><a href=\"https:\/\/comunicacion.umh.es\/files\/2020\/01\/2.jpg\"><img loading=\"lazy\" class=\"alignnone size-medium wp-image-132150\" src=\"https:\/\/comunicacion.umh.es\/files\/2020\/01\/2-300x200.jpg\" alt=\"\" width=\"300\" height=\"200\" srcset=\"https:\/\/comunicacion.umh.es\/files\/2020\/01\/2-300x200.jpg 300w, https:\/\/comunicacion.umh.es\/files\/2020\/01\/2-768x512.jpg 768w, https:\/\/comunicacion.umh.es\/files\/2020\/01\/2-1024x683.jpg 1024w, https:\/\/comunicacion.umh.es\/files\/2020\/01\/2-960x640.jpg 960w, https:\/\/comunicacion.umh.es\/files\/2020\/01\/2-480x320.jpg 480w, https:\/\/comunicacion.umh.es\/files\/2020\/01\/2-320x213.jpg 320w, https:\/\/comunicacion.umh.es\/files\/2020\/01\/2-240x160.jpg 240w\" sizes=\"(max-width: 300px) 100vw, 300px\" \/><\/a><\/p>","protected":false},"excerpt":{"rendered":"<p>Despr\u00e9s de ser aprovada pel Consell de Govern de la Universitat Miguel Hern\u00e1ndez (UMH), s\u2019ha celebrat la primera reuni\u00f3 constitutiva de la Comissi\u00f3 de Seguiment dels Objectius de Desenvolupament Sostenible (ODS) de l\u2019Agenda 2030 de les Nacions Unides. El Vicerectorat d\u2019Inclusi\u00f3, Sostenibilitat i Esports de la UMH \u00e9s l\u2019encarregat de la responsabilitat i gesti\u00f3 de [&#8230;]<\/p>\n","protected":false},"author":4868,"featured_media":0,"comment_status":"closed","ping_status":"open","sticky":false,"template":"","format":"standard","meta":{"ngg_post_thumbnail":0,"_links_to":"","_links_to_target":""},"categories":[2477,770,87,69,2782,2783,43,2785,2788,2796,2777],"tags":[],"_links":{"self":[{"href":"https:\/\/comunicacion.umh.es\/ca\/wp-json\/wp\/v2\/posts\/132146"}],"collection":[{"href":"https:\/\/comunicacion.umh.es\/ca\/wp-json\/wp\/v2\/posts"}],"about":[{"href":"https:\/\/comunicacion.umh.es\/ca\/wp-json\/wp\/v2\/types\/post"}],"author":[{"embeddable":true,"href":"https:\/\/comunicacion.umh.es\/ca\/wp-json\/wp\/v2\/users\/4868"}],"replies":[{"embeddable":true,"href":"https:\/\/comunicacion.umh.es\/ca\/wp-json\/wp\/v2\/comments?post=132146"}],"version-history":[{"count":0,"href":"https:\/\/comunicacion.umh.es\/ca\/wp-json\/wp\/v2\/posts\/132146\/revisions"}],"wp:attachment":[{"href":"https:\/\/comunicacion.umh.es\/ca\/wp-json\/wp\/v2\/media?parent=132146"}],"wp:term":[{"taxonomy":"category","embeddable":true,"href":"https:\/\/comunicacion.umh.es\/ca\/wp-json\/wp\/v2\/categories?post=132146"},{"taxonomy":"post_tag","embeddable":true,"href":"https:\/\/comunicacion.umh.es\/ca\/wp-json\/wp\/v2\/tags?post=132146"}],"curies":[{"name":"wp","href":"https:\/\/api.w.org\/{rel}","templated":true}]}}