{"id":132815,"date":"2020-02-11T09:00:19","date_gmt":"2020-02-11T08:00:19","guid":{"rendered":"https:\/\/comunicacion.umh.es\/?p=132815"},"modified":"2020-02-11T13:48:17","modified_gmt":"2020-02-11T12:48:17","slug":"lequip-de-lies-nou-derramador-dibi-guanya-a-la-umh-la-fase-classificatoria-de-la-lliga-de-debat-de-secundaria-i-batxillerat-de-la-xarxa-vives","status":"publish","type":"post","link":"https:\/\/comunicacion.umh.es\/ca\/2020\/02\/11\/lequip-de-lies-nou-derramador-dibi-guanya-a-la-umh-la-fase-classificatoria-de-la-lliga-de-debat-de-secundaria-i-batxillerat-de-la-xarxa-vives\/","title":{"rendered":"<span lang=\"es\">(Espa\u00f1ol) L\u2019equip de l\u2019IES Nou Derramador d\u2019Ibi guanya a la UMH la fase classificat\u00f2ria de la Lliga de Debat de Secund\u00e0ria i Batxillerat de la Xarxa Vives<\/span>"},"content":{"rendered":"<p class=\"qtranxs-available-languages-message qtranxs-available-languages-message-ca\">Ho sent, per\u00f2 aquesta entrada nom\u00e9s est\u00e0 disponible en <a href=\"https:\/\/comunicacion.umh.es\/es\/wp-json\/wp\/v2\/posts\/132815\" class=\"qtranxs-available-language-link qtranxs-available-language-link-es\" title=\"Espa\u00f1ol\">Espanyol Europeu<\/a>.<\/p>","protected":false},"excerpt":{"rendered":"<p>Ho sent, per\u00f2 aquesta entrada nom\u00e9s est\u00e0 disponible en Espanyol Europeu.<\/p>\n","protected":false},"author":4868,"featured_media":0,"comment_status":"closed","ping_status":"open","sticky":false,"template":"","format":"standard","meta":{"ngg_post_thumbnail":0,"_links_to":"","_links_to_target":""},"categories":[770,69,2789,2782,2790,43,2796],"tags":[],"_links":{"self":[{"href":"https:\/\/comunicacion.umh.es\/ca\/wp-json\/wp\/v2\/posts\/132815"}],"collection":[{"href":"https:\/\/comunicacion.umh.es\/ca\/wp-json\/wp\/v2\/posts"}],"about":[{"href":"https:\/\/comunicacion.umh.es\/ca\/wp-json\/wp\/v2\/types\/post"}],"author":[{"embeddable":true,"href":"https:\/\/comunicacion.umh.es\/ca\/wp-json\/wp\/v2\/users\/4868"}],"replies":[{"embeddable":true,"href":"https:\/\/comunicacion.umh.es\/ca\/wp-json\/wp\/v2\/comments?post=132815"}],"version-history":[{"count":0,"href":"https:\/\/comunicacion.umh.es\/ca\/wp-json\/wp\/v2\/posts\/132815\/revisions"}],"wp:attachment":[{"href":"https:\/\/comunicacion.umh.es\/ca\/wp-json\/wp\/v2\/media?parent=132815"}],"wp:term":[{"taxonomy":"category","embeddable":true,"href":"https:\/\/comunicacion.umh.es\/ca\/wp-json\/wp\/v2\/categories?post=132815"},{"taxonomy":"post_tag","embeddable":true,"href":"https:\/\/comunicacion.umh.es\/ca\/wp-json\/wp\/v2\/tags?post=132815"}],"curies":[{"name":"wp","href":"https:\/\/api.w.org\/{rel}","templated":true}]}}