{"id":1330,"date":"2011-12-02T14:36:07","date_gmt":"2011-12-02T12:36:07","guid":{"rendered":"http:\/\/comunicacion.umh.es\/?p=1330"},"modified":"2011-12-02T15:56:48","modified_gmt":"2011-12-02T13:56:48","slug":"la-umh-y-el-club-nautico-de-santa-pola-firman-un-acuerdo-marco-de-colaboracion","status":"publish","type":"post","link":"https:\/\/comunicacion.umh.es\/ca\/2011\/12\/02\/la-umh-y-el-club-nautico-de-santa-pola-firman-un-acuerdo-marco-de-colaboracion\/","title":{"rendered":"<span lang=\"es\">(Espa\u00f1ol) La UMH y el Club N\u00e1utico de Santa Pola firman un acuerdo marco de colaboraci\u00f3n<\/span>"},"content":{"rendered":"<p><\/p>\n<\/p>\n<p><\/p>","protected":false},"excerpt":{"rendered":"","protected":false},"author":142,"featured_media":0,"comment_status":"closed","ping_status":"open","sticky":false,"template":"","format":"standard","meta":{"ngg_post_thumbnail":0,"_links_to":"","_links_to_target":""},"categories":[641,643,668],"tags":[],"_links":{"self":[{"href":"https:\/\/comunicacion.umh.es\/ca\/wp-json\/wp\/v2\/posts\/1330"}],"collection":[{"href":"https:\/\/comunicacion.umh.es\/ca\/wp-json\/wp\/v2\/posts"}],"about":[{"href":"https:\/\/comunicacion.umh.es\/ca\/wp-json\/wp\/v2\/types\/post"}],"author":[{"embeddable":true,"href":"https:\/\/comunicacion.umh.es\/ca\/wp-json\/wp\/v2\/users\/142"}],"replies":[{"embeddable":true,"href":"https:\/\/comunicacion.umh.es\/ca\/wp-json\/wp\/v2\/comments?post=1330"}],"version-history":[{"count":0,"href":"https:\/\/comunicacion.umh.es\/ca\/wp-json\/wp\/v2\/posts\/1330\/revisions"}],"wp:attachment":[{"href":"https:\/\/comunicacion.umh.es\/ca\/wp-json\/wp\/v2\/media?parent=1330"}],"wp:term":[{"taxonomy":"category","embeddable":true,"href":"https:\/\/comunicacion.umh.es\/ca\/wp-json\/wp\/v2\/categories?post=1330"},{"taxonomy":"post_tag","embeddable":true,"href":"https:\/\/comunicacion.umh.es\/ca\/wp-json\/wp\/v2\/tags?post=1330"}],"curies":[{"name":"wp","href":"https:\/\/api.w.org\/{rel}","templated":true}]}}