{"id":134720,"date":"2020-05-04T11:29:35","date_gmt":"2020-05-04T09:29:35","guid":{"rendered":"https:\/\/comunicacion.umh.es\/?p=134720"},"modified":"2020-05-04T11:29:35","modified_gmt":"2020-05-04T09:29:35","slug":"abierto-el-primer-plazo-de-preinscripcion-de-los-48-masteres-oficiales-que-la-umh-ofertara-durante-el-curso-academico-2020-2021","status":"publish","type":"post","link":"https:\/\/comunicacion.umh.es\/ca\/2020\/05\/04\/abierto-el-primer-plazo-de-preinscripcion-de-los-48-masteres-oficiales-que-la-umh-ofertara-durante-el-curso-academico-2020-2021\/","title":{"rendered":"<span lang=\"es\">(Espa\u00f1ol) Abierto el primer plazo de preinscripci\u00f3n de los 48 M\u00e1steres oficiales que la UMH ofertar\u00e1 durante el curso acad\u00e9mico 2020\/2021<\/span>"},"content":{"rendered":"<p class=\"qtranxs-available-languages-message qtranxs-available-languages-message-ca\">Ho sent, per\u00f2 aquesta entrada nom\u00e9s est\u00e0 disponible en <a href=\"https:\/\/comunicacion.umh.es\/es\/wp-json\/wp\/v2\/posts\/134720\" class=\"qtranxs-available-language-link qtranxs-available-language-link-es\" title=\"Espa\u00f1ol\">Espanyol Europeu<\/a>.<\/p>","protected":false},"excerpt":{"rendered":"<p>Ho sent, per\u00f2 aquesta entrada nom\u00e9s est\u00e0 disponible en Espanyol Europeu.<\/p>\n","protected":false},"author":2693,"featured_media":0,"comment_status":"closed","ping_status":"open","sticky":false,"template":"","format":"standard","meta":{"ngg_post_thumbnail":0,"_links_to":"","_links_to_target":""},"categories":[794,770,69,2789,2782,2783,43,394,2785,2918],"tags":[],"_links":{"self":[{"href":"https:\/\/comunicacion.umh.es\/ca\/wp-json\/wp\/v2\/posts\/134720"}],"collection":[{"href":"https:\/\/comunicacion.umh.es\/ca\/wp-json\/wp\/v2\/posts"}],"about":[{"href":"https:\/\/comunicacion.umh.es\/ca\/wp-json\/wp\/v2\/types\/post"}],"author":[{"embeddable":true,"href":"https:\/\/comunicacion.umh.es\/ca\/wp-json\/wp\/v2\/users\/2693"}],"replies":[{"embeddable":true,"href":"https:\/\/comunicacion.umh.es\/ca\/wp-json\/wp\/v2\/comments?post=134720"}],"version-history":[{"count":0,"href":"https:\/\/comunicacion.umh.es\/ca\/wp-json\/wp\/v2\/posts\/134720\/revisions"}],"wp:attachment":[{"href":"https:\/\/comunicacion.umh.es\/ca\/wp-json\/wp\/v2\/media?parent=134720"}],"wp:term":[{"taxonomy":"category","embeddable":true,"href":"https:\/\/comunicacion.umh.es\/ca\/wp-json\/wp\/v2\/categories?post=134720"},{"taxonomy":"post_tag","embeddable":true,"href":"https:\/\/comunicacion.umh.es\/ca\/wp-json\/wp\/v2\/tags?post=134720"}],"curies":[{"name":"wp","href":"https:\/\/api.w.org\/{rel}","templated":true}]}}