{"id":136577,"date":"2020-07-24T10:52:14","date_gmt":"2020-07-24T08:52:14","guid":{"rendered":"https:\/\/comunicacion.umh.es\/?p=136577"},"modified":"2020-07-24T10:54:05","modified_gmt":"2020-07-24T08:54:05","slug":"la-generalitat-valenciana-financia-un-proyecto-de-la-umh-para-mejorar-el-tratamiento-de-la-diabetes-tipo-2-y-estudiar-su-relacion-con-el-sexo","status":"publish","type":"post","link":"https:\/\/comunicacion.umh.es\/ca\/2020\/07\/24\/la-generalitat-valenciana-financia-un-proyecto-de-la-umh-para-mejorar-el-tratamiento-de-la-diabetes-tipo-2-y-estudiar-su-relacion-con-el-sexo\/","title":{"rendered":"<span lang=\"es\">(Espa\u00f1ol) La Generalitat Valenciana financia un proyecto de la UMH para mejorar el tratamiento de la diabetes tipo 2 y estudiar su relaci\u00f3n con el sexo<\/span>"},"content":{"rendered":"<p class=\"qtranxs-available-languages-message qtranxs-available-languages-message-ca\">Ho sent, per\u00f2 aquesta entrada nom\u00e9s est\u00e0 disponible en <a href=\"https:\/\/comunicacion.umh.es\/es\/wp-json\/wp\/v2\/posts\/136577\" class=\"qtranxs-available-language-link qtranxs-available-language-link-es\" title=\"Espa\u00f1ol\">Espanyol Europeu<\/a>.<\/p>","protected":false},"excerpt":{"rendered":"<p>Ho sent, per\u00f2 aquesta entrada nom\u00e9s est\u00e0 disponible en Espanyol Europeu.<\/p>\n","protected":false},"author":3226,"featured_media":0,"comment_status":"closed","ping_status":"open","sticky":false,"template":"","format":"standard","meta":{"ngg_post_thumbnail":0,"_links_to":"","_links_to_target":""},"categories":[43],"tags":[],"_links":{"self":[{"href":"https:\/\/comunicacion.umh.es\/ca\/wp-json\/wp\/v2\/posts\/136577"}],"collection":[{"href":"https:\/\/comunicacion.umh.es\/ca\/wp-json\/wp\/v2\/posts"}],"about":[{"href":"https:\/\/comunicacion.umh.es\/ca\/wp-json\/wp\/v2\/types\/post"}],"author":[{"embeddable":true,"href":"https:\/\/comunicacion.umh.es\/ca\/wp-json\/wp\/v2\/users\/3226"}],"replies":[{"embeddable":true,"href":"https:\/\/comunicacion.umh.es\/ca\/wp-json\/wp\/v2\/comments?post=136577"}],"version-history":[{"count":0,"href":"https:\/\/comunicacion.umh.es\/ca\/wp-json\/wp\/v2\/posts\/136577\/revisions"}],"wp:attachment":[{"href":"https:\/\/comunicacion.umh.es\/ca\/wp-json\/wp\/v2\/media?parent=136577"}],"wp:term":[{"taxonomy":"category","embeddable":true,"href":"https:\/\/comunicacion.umh.es\/ca\/wp-json\/wp\/v2\/categories?post=136577"},{"taxonomy":"post_tag","embeddable":true,"href":"https:\/\/comunicacion.umh.es\/ca\/wp-json\/wp\/v2\/tags?post=136577"}],"curies":[{"name":"wp","href":"https:\/\/api.w.org\/{rel}","templated":true}]}}