{"id":136824,"date":"2020-09-02T11:29:44","date_gmt":"2020-09-02T09:29:44","guid":{"rendered":"https:\/\/comunicacion.umh.es\/?p=136824"},"modified":"2020-09-07T14:02:33","modified_gmt":"2020-09-07T12:02:33","slug":"la-umh-y-la-generalitat-valenciana-crean-la-catedra-de-brecha-digital-y-buen-uso-de-las-tic","status":"publish","type":"post","link":"https:\/\/comunicacion.umh.es\/ca\/2020\/09\/02\/la-umh-y-la-generalitat-valenciana-crean-la-catedra-de-brecha-digital-y-buen-uso-de-las-tic\/","title":{"rendered":"Creaci\u00f3 de la C\u00e0tedra de Bretxa Digital i Bon \u00das de les TIC"},"content":{"rendered":"<p><\/p>\n<p style=\"text-align: justify\">El rector de la Universitat Miguel Hern\u00e1ndez (UMH) d\u2019Elx, Juan Jos\u00e9 Ruiz, i la consellera d\u2019Innovaci\u00f3, Universitats, Ci\u00e8ncia i Societat Digital, Carolina Pascual, han signat un conveni de col\u00b7laboraci\u00f3 per a la creaci\u00f3 de la C\u00e0tedra de Bretxa Digital i Bon \u00das de les Tecnologies de la Informaci\u00f3 i la Comunicaci\u00f3 (TIC). L\u2019objectiu \u00e9s dur a terme activitats per a potenciar el coneixement sobre les causes, conseq\u00fc\u00e8ncies i solucions sobre la bretxa digital i el bon \u00fas de les TIC en el marc de les accions de l\u2019Observatori de Bretxa Digital, dependent de la Conselleria d\u2019Innovaci\u00f3.<!--more--><\/p>\n<p><a href=\"https:\/\/comunicacion.umh.es\/files\/2020\/09\/DSC_0024-2-1.jpg\"><img loading=\"lazy\" class=\"alignleft size-medium wp-image-136928\" src=\"https:\/\/comunicacion.umh.es\/files\/2020\/09\/DSC_0024-2-1-300x200.jpg\" alt=\"\" width=\"300\" height=\"200\" srcset=\"https:\/\/comunicacion.umh.es\/files\/2020\/09\/DSC_0024-2-1-300x200.jpg 300w, https:\/\/comunicacion.umh.es\/files\/2020\/09\/DSC_0024-2-1-768x512.jpg 768w, https:\/\/comunicacion.umh.es\/files\/2020\/09\/DSC_0024-2-1-1024x683.jpg 1024w\" sizes=\"(max-width: 300px) 100vw, 300px\" \/><\/a><\/p>\n<p style=\"text-align: justify\">A la signatura d\u2019aquest acord han assistit, tamb\u00e9, la vicerectora de Transfer\u00e8ncia i Intercanvi de Coneixement de la UMH, Mar\u00eda Jos\u00e9 L\u00f3pez, la directora general per a la Lluita contra la Bretxa Digital de la Generalitat, Mar\u00eda Mu\u00f1oz, i el secretari auton\u00f2mic d\u2019Innovaci\u00f3 i Transformaci\u00f3 Digital, Jordi Juan i Huguet.<\/p>\n<p style=\"text-align: justify\">La Generalitat aportar\u00e0 30.000 euros per a l\u2019impuls de les diferents accions de la C\u00e0tedra de Bretxa Digital i Bon \u00das de les TIC, que es duran a terme durant aquest any. Per la seua banda, la UMH, a trav\u00e9s de la C\u00e0tedra, facilitar\u00e0 la participaci\u00f3, l\u2019elaboraci\u00f3 del coneixement com a resultat de la discussi\u00f3, la revisi\u00f3 o la s\u00edntesi d\u2019idees, aix\u00ed com la transfer\u00e8ncia d\u2019informaci\u00f3 a la resta de poders p\u00fablics i a la ciutadania en general, a trav\u00e9s de diferents accions. Aix\u00ed mateix, la UMH assessorar\u00e0 en la planificaci\u00f3 de l\u2019acci\u00f3 normativa i documents estrat\u00e8gics en l\u2019\u00e0mbit de la societat digital i lluita contra la bretxa digital; analitzar\u00e0 i diagnosticar\u00e0 la situaci\u00f3 de Bretxa Digital en la Comunitat Valenciana; i intervindr\u00e0, a partir de les dades recollides, mitjan\u00e7ant la proposta de solucions concretes i susceptibles d\u2019aplicaci\u00f3 per a previndre i reduir la bretxa digital. Finalment, la UMH assegurar\u00e0 la coordinaci\u00f3 amb les altres c\u00e0tedres universit\u00e0ries de les universitats p\u00fabliques valencianes per a fer estudis, accions i tasques divulgatives conjuntes.<\/p>\n<p style=\"text-align: justify\">Despr\u00e9s de la signatura d\u2019aquest acord, part de la delegaci\u00f3 de la Generalitat Valenciana i l\u2019alcalde d\u2019Elx, Carlos Gonz\u00e1lez, han visitat algunes de les empreses del Parc Cient\u00edfic de la UMH, acompanyats pel rector Juan Jos\u00e9 Ruiz, la vicerectora Mar\u00eda Jos\u00e9 L\u00f3pez i la directora-gerent del Parc Cient\u00edfic de la UMH, Tonia Salinas. Durant la visita, la consellera ha conegut de m\u00e9s a prop l\u2019activitat empresarial que es desenvolupa&nbsp; en el Parc Cient\u00edfic de la UMH i l\u2019estrat\u00e8gia d\u2019innovaci\u00f3 que l\u2019entitat implementa. A m\u00e9s, ha pogut visitar l\u2019empresa emergent Emxys i les companyies Bioarray i Simplicity Works. La primera es focalitza en el disseny, el desenvolupament i la producci\u00f3 de sistemes electr\u00f2nics incrustats per a aplicacions aeroespacials. Per la seua part, Bioarray \u00e9s una companyia de base tecnol\u00f2gica especialitzada en l\u2019an\u00e0lisi gen\u00e8tica mitjan\u00e7ant bioxips d\u2019ADN, mentre que Simplicity Works se centra en el desenvolupament de la seua innovadora tecnologia 3D Bonding amb la qual busca simplificar processos de producci\u00f3 en la ind\u00fastria.<\/p>\n<p><!-- index.php -->\n<div\n\tclass=\"ngg-galleryoverview ngg-ajax-pagination-none\"\n\tid=\"ngg-gallery-5b024aeb29bd5f5a302c8c39e5f8ae11-1\">\n\n    \t<div class=\"slideshowlink\">\n        <a href='https:\/\/comunicacion.umh.es\/ca\/2020\/09\/02\/la-umh-y-la-generalitat-valenciana-crean-la-catedra-de-brecha-digital-y-buen-uso-de-las-tic\/nggallery\/slideshow'>[Mostrar como pase de diapositivas]<\/a>\n\t\t\n\t<\/div>\n\t\t\t<!-- Thumbnails -->\n\t\t\t\t<div id=\"ngg-image-0\" class=\"ngg-gallery-thumbnail-box\" >\n\t\t\t\t        <div class=\"ngg-gallery-thumbnail\">\n            <a href=\"https:\/\/comunicacion.umh.es\/wp-content\/uploads\/sites\/84\/nggallery\/02-09-20-brecha-digital\/DSC_0015-2.jpg\"\n               title=\"\"\n               data-src=\"https:\/\/comunicacion.umh.es\/wp-content\/uploads\/sites\/84\/nggallery\/02-09-20-brecha-digital\/DSC_0015-2.jpg\"\n               data-thumbnail=\"https:\/\/comunicacion.umh.es\/wp-content\/uploads\/sites\/84\/nggallery\/02-09-20-brecha-digital\/thumbs\/thumbs_DSC_0015-2.jpg\"\n               data-image-id=\"11445\"\n               data-title=\"DSC_0015-2\"\n               data-description=\"\"\n               data-image-slug=\"dsc_0015-2-2\"\n               class=\"ngg-fancybox\" rel=\"5b024aeb29bd5f5a302c8c39e5f8ae11\">\n                <img\n                    title=\"DSC_0015-2\"\n                    alt=\"DSC_0015-2\"\n                    src=\"https:\/\/comunicacion.umh.es\/wp-content\/uploads\/sites\/84\/nggallery\/02-09-20-brecha-digital\/thumbs\/thumbs_DSC_0015-2.jpg\"\n                    width=\"100\"\n                    height=\"75\"\n                    style=\"max-width:100%;\"\n                \/>\n            <\/a>\n        <\/div>\n\t\t\t\t\t\t\t<\/div> \n\t\t\t\n        \n\t\t\t\t<div id=\"ngg-image-1\" class=\"ngg-gallery-thumbnail-box\" >\n\t\t\t\t        <div class=\"ngg-gallery-thumbnail\">\n            <a href=\"https:\/\/comunicacion.umh.es\/wp-content\/uploads\/sites\/84\/nggallery\/02-09-20-brecha-digital\/DSC_0021.JPG\"\n               title=\"\"\n               data-src=\"https:\/\/comunicacion.umh.es\/wp-content\/uploads\/sites\/84\/nggallery\/02-09-20-brecha-digital\/DSC_0021.JPG\"\n               data-thumbnail=\"https:\/\/comunicacion.umh.es\/wp-content\/uploads\/sites\/84\/nggallery\/02-09-20-brecha-digital\/thumbs\/thumbs_DSC_0021.JPG\"\n               data-image-id=\"11448\"\n               data-title=\"DSC_0021\"\n               data-description=\"\"\n               data-image-slug=\"dsc_0021-4\"\n               class=\"ngg-fancybox\" rel=\"5b024aeb29bd5f5a302c8c39e5f8ae11\">\n                <img\n                    title=\"DSC_0021\"\n                    alt=\"DSC_0021\"\n                    src=\"https:\/\/comunicacion.umh.es\/wp-content\/uploads\/sites\/84\/nggallery\/02-09-20-brecha-digital\/thumbs\/thumbs_DSC_0021.JPG\"\n                    width=\"100\"\n                    height=\"75\"\n                    style=\"max-width:100%;\"\n                \/>\n            <\/a>\n        <\/div>\n\t\t\t\t\t\t\t<\/div> \n\t\t\t\n        \n\t\t\t\t<div id=\"ngg-image-2\" class=\"ngg-gallery-thumbnail-box\" >\n\t\t\t\t        <div class=\"ngg-gallery-thumbnail\">\n            <a href=\"https:\/\/comunicacion.umh.es\/wp-content\/uploads\/sites\/84\/nggallery\/02-09-20-brecha-digital\/PCUMH.jpg\"\n               title=\"\"\n               data-src=\"https:\/\/comunicacion.umh.es\/wp-content\/uploads\/sites\/84\/nggallery\/02-09-20-brecha-digital\/PCUMH.jpg\"\n               data-thumbnail=\"https:\/\/comunicacion.umh.es\/wp-content\/uploads\/sites\/84\/nggallery\/02-09-20-brecha-digital\/thumbs\/thumbs_PCUMH.jpg\"\n               data-image-id=\"11450\"\n               data-title=\"PCUMH\"\n               data-description=\"\"\n               data-image-slug=\"pcumh-2\"\n               class=\"ngg-fancybox\" rel=\"5b024aeb29bd5f5a302c8c39e5f8ae11\">\n                <img\n                    title=\"PCUMH\"\n                    alt=\"PCUMH\"\n                    src=\"https:\/\/comunicacion.umh.es\/wp-content\/uploads\/sites\/84\/nggallery\/02-09-20-brecha-digital\/thumbs\/thumbs_PCUMH.jpg\"\n                    width=\"100\"\n                    height=\"75\"\n                    style=\"max-width:100%;\"\n                \/>\n            <\/a>\n        <\/div>\n\t\t\t\t\t\t\t<\/div> \n\t\t\t\n        \n\t\t\n\t\t<!-- Pagination -->\n\t<div class='ngg-clear'><\/div>\t<\/div>\n<\/p>","protected":false},"excerpt":{"rendered":"<p>El rector de la Universitat Miguel Hern\u00e1ndez (UMH) d\u2019Elx, Juan Jos\u00e9 Ruiz, i la consellera d\u2019Innovaci\u00f3, Universitats, Ci\u00e8ncia i Societat Digital, Carolina Pascual, han signat un conveni de col\u00b7laboraci\u00f3 per a la creaci\u00f3 de la C\u00e0tedra de Bretxa Digital i Bon \u00das de les Tecnologies de la Informaci\u00f3 i la Comunicaci\u00f3 (TIC). L\u2019objectiu \u00e9s dur [&#8230;]<\/p>\n","protected":false},"author":2693,"featured_media":0,"comment_status":"closed","ping_status":"open","sticky":false,"template":"","format":"standard","meta":{"ngg_post_thumbnail":0,"_links_to":"","_links_to_target":""},"categories":[43,2777],"tags":[],"_links":{"self":[{"href":"https:\/\/comunicacion.umh.es\/ca\/wp-json\/wp\/v2\/posts\/136824"}],"collection":[{"href":"https:\/\/comunicacion.umh.es\/ca\/wp-json\/wp\/v2\/posts"}],"about":[{"href":"https:\/\/comunicacion.umh.es\/ca\/wp-json\/wp\/v2\/types\/post"}],"author":[{"embeddable":true,"href":"https:\/\/comunicacion.umh.es\/ca\/wp-json\/wp\/v2\/users\/2693"}],"replies":[{"embeddable":true,"href":"https:\/\/comunicacion.umh.es\/ca\/wp-json\/wp\/v2\/comments?post=136824"}],"version-history":[{"count":0,"href":"https:\/\/comunicacion.umh.es\/ca\/wp-json\/wp\/v2\/posts\/136824\/revisions"}],"wp:attachment":[{"href":"https:\/\/comunicacion.umh.es\/ca\/wp-json\/wp\/v2\/media?parent=136824"}],"wp:term":[{"taxonomy":"category","embeddable":true,"href":"https:\/\/comunicacion.umh.es\/ca\/wp-json\/wp\/v2\/categories?post=136824"},{"taxonomy":"post_tag","embeddable":true,"href":"https:\/\/comunicacion.umh.es\/ca\/wp-json\/wp\/v2\/tags?post=136824"}],"curies":[{"name":"wp","href":"https:\/\/api.w.org\/{rel}","templated":true}]}}