{"id":137697,"date":"2020-10-13T12:15:32","date_gmt":"2020-10-13T10:15:32","guid":{"rendered":"https:\/\/comunicacion.umh.es\/?p=137697"},"modified":"2020-10-13T13:16:32","modified_gmt":"2020-10-13T11:16:32","slug":"el-profesor-pedro-vicente-quiles-impartira-una-jornada-tecnica-sobre-recomendaciones-en-sistemas-de-ventilacion-frente-al-covid-19","status":"publish","type":"post","link":"https:\/\/comunicacion.umh.es\/ca\/2020\/10\/13\/el-profesor-pedro-vicente-quiles-impartira-una-jornada-tecnica-sobre-recomendaciones-en-sistemas-de-ventilacion-frente-al-covid-19\/","title":{"rendered":"<span lang=\"es\">(Espa\u00f1ol) El profesor Pedro Vicente Quiles impartir\u00e1 una jornada t\u00e9cnica sobre recomendaciones en sistemas de ventilaci\u00f3n frente al Covid-19<\/span>"},"content":{"rendered":"<p class=\"qtranxs-available-languages-message qtranxs-available-languages-message-ca\">Ho sent, per\u00f2 aquesta entrada nom\u00e9s est\u00e0 disponible en <a href=\"https:\/\/comunicacion.umh.es\/es\/wp-json\/wp\/v2\/posts\/137697\" class=\"qtranxs-available-language-link qtranxs-available-language-link-es\" title=\"Espa\u00f1ol\">Espanyol Europeu<\/a>.<\/p>","protected":false},"excerpt":{"rendered":"<p>Ho sent, per\u00f2 aquesta entrada nom\u00e9s est\u00e0 disponible en Espanyol Europeu.<\/p>\n","protected":false},"author":2693,"featured_media":0,"comment_status":"closed","ping_status":"open","sticky":false,"template":"","format":"standard","meta":{"ngg_post_thumbnail":0,"_links_to":"","_links_to_target":""},"categories":[43],"tags":[],"_links":{"self":[{"href":"https:\/\/comunicacion.umh.es\/ca\/wp-json\/wp\/v2\/posts\/137697"}],"collection":[{"href":"https:\/\/comunicacion.umh.es\/ca\/wp-json\/wp\/v2\/posts"}],"about":[{"href":"https:\/\/comunicacion.umh.es\/ca\/wp-json\/wp\/v2\/types\/post"}],"author":[{"embeddable":true,"href":"https:\/\/comunicacion.umh.es\/ca\/wp-json\/wp\/v2\/users\/2693"}],"replies":[{"embeddable":true,"href":"https:\/\/comunicacion.umh.es\/ca\/wp-json\/wp\/v2\/comments?post=137697"}],"version-history":[{"count":0,"href":"https:\/\/comunicacion.umh.es\/ca\/wp-json\/wp\/v2\/posts\/137697\/revisions"}],"wp:attachment":[{"href":"https:\/\/comunicacion.umh.es\/ca\/wp-json\/wp\/v2\/media?parent=137697"}],"wp:term":[{"taxonomy":"category","embeddable":true,"href":"https:\/\/comunicacion.umh.es\/ca\/wp-json\/wp\/v2\/categories?post=137697"},{"taxonomy":"post_tag","embeddable":true,"href":"https:\/\/comunicacion.umh.es\/ca\/wp-json\/wp\/v2\/tags?post=137697"}],"curies":[{"name":"wp","href":"https:\/\/api.w.org\/{rel}","templated":true}]}}