{"id":137808,"date":"2020-10-15T10:57:49","date_gmt":"2020-10-15T08:57:49","guid":{"rendered":"https:\/\/comunicacion.umh.es\/?p=137808"},"modified":"2020-10-19T13:19:34","modified_gmt":"2020-10-19T11:19:34","slug":"inauguracion-de-la-muestra-en-las-alas-del-murcielago-de-la-artista-greta-alfaro-en-el-campus-de-elche","status":"publish","type":"post","link":"https:\/\/comunicacion.umh.es\/ca\/2020\/10\/15\/inauguracion-de-la-muestra-en-las-alas-del-murcielago-de-la-artista-greta-alfaro-en-el-campus-de-elche\/","title":{"rendered":"Exposicions \u201cEn las alas de un murci\u00e9lago\u201d i \u201cFREEGRATIS\u201d"},"content":{"rendered":"<p><\/p>\n<p style=\"text-align: justify\">El Vicerectorat de Cultura de la Universitat Miguel Hern\u00e1ndez (UMH) d\u2019Elx ha organitzat a la Sala Universitas de l\u2019edifici Rectorat i Consell Social del campus d\u2019Elx l\u2019exposici\u00f3 \u201cEn las alas de un murci\u00e9lago\u201d, de l\u2019artista Greta Alfaro. Aix\u00ed mateix, de manera paral\u00b7lela, la UMH ha inaugurat l\u2019exposici\u00f3 \u201cFREEGRATIS\u201d, del col\u00b7lectiu art\u00edstic il\u00b7licit\u00e0 Realmente Bravo, a la Sala Grisa del mateix edifici. Les dues mostres romandran obertes al p\u00fablic fins al 22 de gener de 2021.<!--more--><\/p>\n<p><a href=\"https:\/\/comunicacion.umh.es\/files\/2020\/10\/EnLasAlasDeUnMurcielago_CartelCAS.jpg\"><img loading=\"lazy\" class=\"alignleft size-medium wp-image-137811\" src=\"https:\/\/comunicacion.umh.es\/files\/2020\/10\/EnLasAlasDeUnMurcielago_CartelCAS-300x212.jpg\" alt=\"\" width=\"300\" height=\"212\" srcset=\"https:\/\/comunicacion.umh.es\/files\/2020\/10\/EnLasAlasDeUnMurcielago_CartelCAS-300x212.jpg 300w, https:\/\/comunicacion.umh.es\/files\/2020\/10\/EnLasAlasDeUnMurcielago_CartelCAS-768x543.jpg 768w, https:\/\/comunicacion.umh.es\/files\/2020\/10\/EnLasAlasDeUnMurcielago_CartelCAS-1024x724.jpg 1024w\" sizes=\"(max-width: 300px) 100vw, 300px\" \/><\/a><\/p>\n<p style=\"text-align: justify\">La cr\u00edtica Isabel Tejeda comissaria una mostra retrospectiva de l\u2019artista navarresa Greta Alfaro sobre el desastre i la fi de la civilitzaci\u00f3, que s\u2019ha gestat durant l\u2019estat d\u2019alarma. Per la seua banda, &nbsp;el col\u00b7lectiu il\u00b7licit\u00e0 Realmente Bravo envaeix la Sala Grisa amb l\u2019exposici\u00f3 \u201cFREEGRATIS\u201d, composta per logotips, adhesius i <em>spam<\/em> maximitzat.<\/p>\n<p style=\"text-align: justify\">Segons els organitzadors, \u201cEn las alas de un murci\u00e9lago\u201d aborda els imaginaris simb\u00f2lics de la dist\u00f2pia contempor\u00e0nia, a partir de les nocions de cataclisme i de l\u2019Europa fantasmag\u00f2rica. M\u00e9s enll\u00e0 de la l\u00f2gica cronol\u00f2gica d\u2019una exposici\u00f3 retrospectiva, la proposta expositiva desenvolupada per Isabel Tejeda sobre l\u2019obra de Greta Alfaro per a la Sala Universitas de la UMH es fonamenta en l\u2019estudi d\u2019algunes de les seues obres per a l\u2019elaboraci\u00f3 d\u2019un discurs d\u2019acord amb l\u2019adveniment de la pand\u00e8mia i la reclusi\u00f3. Segons ha assenyalat la comiss\u00e0ria de la mostra, Isabel Tejeda, consisteix en \u201cun relat alternatiu que reflectira l\u2019estupor i la incertesa que est\u00e0vem patint. La recepci\u00f3 que aquesta comiss\u00e0ria estava realitzant de les obres d\u2019Alfaro es tenyia amb l\u2019experi\u00e8ncia di\u00e0ria del silenci als carrers que es percebia des del balc\u00f3, \u00fanica finestra a all\u00f2 que \u00e9s contingent, connectant-se\u2019n la major part amb una idea de cataclisme que, tot i existir per descomptat en l\u2019obra de Greta Alfaro, s\u2019actualitzava dia a dia\u201d. &nbsp;<\/p>\n<p style=\"text-align: justify\">La nova normalitat i l\u2019emerg\u00e8ncia latent d\u2019un altre confinament es converteixen en el context social i el tel\u00f3 de fons en el qual s\u2019insereix una exposici\u00f3 plena d\u2019obres realitzades quasi amb un car\u00e0cter visionari. La mostra es compon de v\u00eddeos com <em>Decimocuarta estaci\u00f3n<\/em> (2019), <em>In Ictu Oculi<\/em> (2009) o <em>El cataclismo nos alcanzar\u00e1 imp\u00e1vidos <\/em>(2015), peces fotogr\u00e0fiques com <em>Invenci\u00f3n #4<\/em> (2012) o <em>Fall On Us, And Hide Us #2<\/em> (2011) i instal\u00b7lacions com <em>Budapest i Viena<\/em> (2007) tixen tot una mena de mapa amb refer\u00e8ncies al barroc, a la decad\u00e8ncia de les pot\u00e8ncies colonials i als ressons d\u2019\u00e8poques passades agranades per pand\u00e8mies.<\/p>\n<p style=\"text-align: justify\">La mostra, organitzada pel Vicerectorat de Cultura de la UMH, se suma a la iniciativa de fer un projecte expositiu anual amb una galeria d\u2019art de la Comunitat Valenciana amb la finalitat d\u2019acostar la Universitat a l\u2019especificitat del mercat art\u00edstic. D\u2019aquesta manera, es pret\u00e9n contribuir a la divulgaci\u00f3 i projecci\u00f3 de la cultura i la producci\u00f3 art\u00edstica desenvolupada en el territori, aix\u00ed com dinamitzar el turisme cultural a la ciutat d\u2019Elx i en el context universitari. En aquesta ocasi\u00f3, el projecte s\u2019ha dut a terme en col\u00b7laboraci\u00f3 amb Galeria Rosa Santos (Val\u00e8ncia), qui representa el treball de Greta Alfaro. &nbsp;<\/p>\n<p style=\"text-align: justify\">D\u2019altra banda, a la Sala Grisa s\u2019inaugurar\u00e0 l\u2019exposici\u00f3 \u201cFREEGRATIS\u201d, del col\u00b7lectiu art\u00edstic il\u00b7licit\u00e0 Realment Bravo. Segons els organitzadors, des del r\u00e8tol d\u2019una gran marca a l\u2019adhesiu d\u2019un many\u00e0, tot esdev\u00e9 en imatge resignificada, un acostament amb humor al bombardeig de b\u00e0ners que consumeix la societat, a trav\u00e9s d\u2019una instal\u00b7laci\u00f3 invasiva, un escenari de terror visual amb una amalgama corporativa d\u2019anuncis <em>pop-up<\/em>.<\/p>\n<p style=\"text-align: justify\">L\u2019horari de visites per a les dues mostres \u00e9s d\u201911.00 a 14.00 hores, de dilluns a divendres. Per a preservar les mesures de seguretat necess\u00e0ries i complir amb el protocol de prevenci\u00f3 de la COVID-19 desenvolupat per la UMH, cal reservar l\u2019assist\u00e8ncia a l\u2019acte inaugural en l\u2019adre\u00e7a de correu&nbsp; <a href=\"mailto:cultura@umh.es\">cultura@umh.es<\/a> fins a les 12.00 hores de dem\u00e0. Els espais expositius tindran un aforament limitat, s\u2019hauran de respectar les dist\u00e0ncies de seguretat entre persones i s\u2019utilitzaran mascaretes en tot moment.<\/p>\n<p style=\"text-align: justify\"><a href=\"https:\/\/comunicacion.umh.es\/files\/2020\/10\/15-10-20-exposiciones-rectorado-1.pdf\">M\u00e9s informaci\u00f3<\/a><\/p>\n<p><a href=\"https:\/\/comunicacion.umh.es\/files\/2020\/10\/FREEGRATIS_cartelCAS.jpg\"><img loading=\"lazy\" class=\"alignleft size-medium wp-image-137814\" src=\"https:\/\/comunicacion.umh.es\/files\/2020\/10\/FREEGRATIS_cartelCAS-212x300.jpg\" alt=\"\" width=\"212\" height=\"300\" srcset=\"https:\/\/comunicacion.umh.es\/files\/2020\/10\/FREEGRATIS_cartelCAS-212x300.jpg 212w, https:\/\/comunicacion.umh.es\/files\/2020\/10\/FREEGRATIS_cartelCAS-768x1086.jpg 768w, https:\/\/comunicacion.umh.es\/files\/2020\/10\/FREEGRATIS_cartelCAS-724x1024.jpg 724w\" sizes=\"(max-width: 212px) 100vw, 212px\" \/><\/a><\/p>","protected":false},"excerpt":{"rendered":"<p>El Vicerectorat de Cultura de la Universitat Miguel Hern\u00e1ndez (UMH) d\u2019Elx ha organitzat a la Sala Universitas de l\u2019edifici Rectorat i Consell Social del campus d\u2019Elx l\u2019exposici\u00f3 \u201cEn las alas de un murci\u00e9lago\u201d, de l\u2019artista Greta Alfaro. Aix\u00ed mateix, de manera paral\u00b7lela, la UMH ha inaugurat l\u2019exposici\u00f3 \u201cFREEGRATIS\u201d, del col\u00b7lectiu art\u00edstic il\u00b7licit\u00e0 Realmente Bravo, a [&#8230;]<\/p>\n","protected":false},"author":2693,"featured_media":0,"comment_status":"closed","ping_status":"open","sticky":false,"template":"","format":"standard","meta":{"ngg_post_thumbnail":0,"_links_to":"","_links_to_target":""},"categories":[43,2777],"tags":[],"_links":{"self":[{"href":"https:\/\/comunicacion.umh.es\/ca\/wp-json\/wp\/v2\/posts\/137808"}],"collection":[{"href":"https:\/\/comunicacion.umh.es\/ca\/wp-json\/wp\/v2\/posts"}],"about":[{"href":"https:\/\/comunicacion.umh.es\/ca\/wp-json\/wp\/v2\/types\/post"}],"author":[{"embeddable":true,"href":"https:\/\/comunicacion.umh.es\/ca\/wp-json\/wp\/v2\/users\/2693"}],"replies":[{"embeddable":true,"href":"https:\/\/comunicacion.umh.es\/ca\/wp-json\/wp\/v2\/comments?post=137808"}],"version-history":[{"count":0,"href":"https:\/\/comunicacion.umh.es\/ca\/wp-json\/wp\/v2\/posts\/137808\/revisions"}],"wp:attachment":[{"href":"https:\/\/comunicacion.umh.es\/ca\/wp-json\/wp\/v2\/media?parent=137808"}],"wp:term":[{"taxonomy":"category","embeddable":true,"href":"https:\/\/comunicacion.umh.es\/ca\/wp-json\/wp\/v2\/categories?post=137808"},{"taxonomy":"post_tag","embeddable":true,"href":"https:\/\/comunicacion.umh.es\/ca\/wp-json\/wp\/v2\/tags?post=137808"}],"curies":[{"name":"wp","href":"https:\/\/api.w.org\/{rel}","templated":true}]}}