{"id":137886,"date":"2020-10-19T12:41:52","date_gmt":"2020-10-19T10:41:52","guid":{"rendered":"https:\/\/comunicacion.umh.es\/?p=137886"},"modified":"2020-10-19T12:47:41","modified_gmt":"2020-10-19T10:47:41","slug":"los-ingresos-de-las-universidades-publicas-valencianas-siguen-por-debajo-de-2008-pese-a-que-los-recursos-propios-elevan-su-peso-y-ya-suponen-el-213-del-total","status":"publish","type":"post","link":"https:\/\/comunicacion.umh.es\/ca\/2020\/10\/19\/los-ingresos-de-las-universidades-publicas-valencianas-siguen-por-debajo-de-2008-pese-a-que-los-recursos-propios-elevan-su-peso-y-ya-suponen-el-213-del-total\/","title":{"rendered":"<span lang=\"es\">(Espa\u00f1ol) Los ingresos de las universidades p\u00fablicas valencianas est\u00e1n por debajo de 2008, pese a que los recursos propios suponen el 21,3% del total<\/span>"},"content":{"rendered":"<p class=\"qtranxs-available-languages-message qtranxs-available-languages-message-ca\">Ho sent, per\u00f2 aquesta entrada nom\u00e9s est\u00e0 disponible en <a href=\"https:\/\/comunicacion.umh.es\/es\/wp-json\/wp\/v2\/posts\/137886\" class=\"qtranxs-available-language-link qtranxs-available-language-link-es\" title=\"Espa\u00f1ol\">Espanyol Europeu<\/a>.<\/p>","protected":false},"excerpt":{"rendered":"<p>Ho sent, per\u00f2 aquesta entrada nom\u00e9s est\u00e0 disponible en Espanyol Europeu.<\/p>\n","protected":false},"author":2693,"featured_media":0,"comment_status":"closed","ping_status":"open","sticky":false,"template":"","format":"standard","meta":{"ngg_post_thumbnail":0,"_links_to":"","_links_to_target":""},"categories":[43],"tags":[],"_links":{"self":[{"href":"https:\/\/comunicacion.umh.es\/ca\/wp-json\/wp\/v2\/posts\/137886"}],"collection":[{"href":"https:\/\/comunicacion.umh.es\/ca\/wp-json\/wp\/v2\/posts"}],"about":[{"href":"https:\/\/comunicacion.umh.es\/ca\/wp-json\/wp\/v2\/types\/post"}],"author":[{"embeddable":true,"href":"https:\/\/comunicacion.umh.es\/ca\/wp-json\/wp\/v2\/users\/2693"}],"replies":[{"embeddable":true,"href":"https:\/\/comunicacion.umh.es\/ca\/wp-json\/wp\/v2\/comments?post=137886"}],"version-history":[{"count":0,"href":"https:\/\/comunicacion.umh.es\/ca\/wp-json\/wp\/v2\/posts\/137886\/revisions"}],"wp:attachment":[{"href":"https:\/\/comunicacion.umh.es\/ca\/wp-json\/wp\/v2\/media?parent=137886"}],"wp:term":[{"taxonomy":"category","embeddable":true,"href":"https:\/\/comunicacion.umh.es\/ca\/wp-json\/wp\/v2\/categories?post=137886"},{"taxonomy":"post_tag","embeddable":true,"href":"https:\/\/comunicacion.umh.es\/ca\/wp-json\/wp\/v2\/tags?post=137886"}],"curies":[{"name":"wp","href":"https:\/\/api.w.org\/{rel}","templated":true}]}}