{"id":141111,"date":"2021-03-10T10:15:12","date_gmt":"2021-03-10T09:15:12","guid":{"rendered":"https:\/\/comunicacion.umh.es\/?p=141111"},"modified":"2021-03-10T11:09:02","modified_gmt":"2021-03-10T10:09:02","slug":"el-licor-de-limones-ecologicos-de-la-vega-baja-desarrollado-por-la-umh-obtiene-la-proteccion-de-la-oficina-espanola-de-patentes-y-marcas","status":"publish","type":"post","link":"https:\/\/comunicacion.umh.es\/ca\/2021\/03\/10\/el-licor-de-limones-ecologicos-de-la-vega-baja-desarrollado-por-la-umh-obtiene-la-proteccion-de-la-oficina-espanola-de-patentes-y-marcas\/","title":{"rendered":"<span lang=\"es\">(Espa\u00f1ol) El licor de limones ecol\u00f3gicos de la Vega Baja desarrollado por la UMH obtiene la protecci\u00f3n de la Oficina Espa\u00f1ola de Patentes y Marcas<\/span>"},"content":{"rendered":"<p class=\"qtranxs-available-languages-message qtranxs-available-languages-message-ca\">Ho sent, per\u00f2 aquesta entrada nom\u00e9s est\u00e0 disponible en <a href=\"https:\/\/comunicacion.umh.es\/es\/wp-json\/wp\/v2\/posts\/141111\" class=\"qtranxs-available-language-link qtranxs-available-language-link-es\" title=\"Espa\u00f1ol\">Espanyol Europeu<\/a>.<\/p>","protected":false},"excerpt":{"rendered":"<p>Ho sent, per\u00f2 aquesta entrada nom\u00e9s est\u00e0 disponible en Espanyol Europeu.<\/p>\n","protected":false},"author":2693,"featured_media":0,"comment_status":"closed","ping_status":"open","sticky":false,"template":"","format":"standard","meta":{"ngg_post_thumbnail":0,"_links_to":"","_links_to_target":""},"categories":[43],"tags":[],"_links":{"self":[{"href":"https:\/\/comunicacion.umh.es\/ca\/wp-json\/wp\/v2\/posts\/141111"}],"collection":[{"href":"https:\/\/comunicacion.umh.es\/ca\/wp-json\/wp\/v2\/posts"}],"about":[{"href":"https:\/\/comunicacion.umh.es\/ca\/wp-json\/wp\/v2\/types\/post"}],"author":[{"embeddable":true,"href":"https:\/\/comunicacion.umh.es\/ca\/wp-json\/wp\/v2\/users\/2693"}],"replies":[{"embeddable":true,"href":"https:\/\/comunicacion.umh.es\/ca\/wp-json\/wp\/v2\/comments?post=141111"}],"version-history":[{"count":0,"href":"https:\/\/comunicacion.umh.es\/ca\/wp-json\/wp\/v2\/posts\/141111\/revisions"}],"wp:attachment":[{"href":"https:\/\/comunicacion.umh.es\/ca\/wp-json\/wp\/v2\/media?parent=141111"}],"wp:term":[{"taxonomy":"category","embeddable":true,"href":"https:\/\/comunicacion.umh.es\/ca\/wp-json\/wp\/v2\/categories?post=141111"},{"taxonomy":"post_tag","embeddable":true,"href":"https:\/\/comunicacion.umh.es\/ca\/wp-json\/wp\/v2\/tags?post=141111"}],"curies":[{"name":"wp","href":"https:\/\/api.w.org\/{rel}","templated":true}]}}