{"id":142115,"date":"2021-04-16T10:38:10","date_gmt":"2021-04-16T08:38:10","guid":{"rendered":"https:\/\/comunicacion.umh.es\/?p=142115"},"modified":"2021-04-16T14:24:28","modified_gmt":"2021-04-16T12:24:28","slug":"la-umh-instala-equipos-de-medida-del-aerosol-atmosferico-en-zonas-de-interiores-para-analizar-la-concentracion-del-virus-sars-cov-2","status":"publish","type":"post","link":"https:\/\/comunicacion.umh.es\/ca\/2021\/04\/16\/la-umh-instala-equipos-de-medida-del-aerosol-atmosferico-en-zonas-de-interiores-para-analizar-la-concentracion-del-virus-sars-cov-2\/","title":{"rendered":"Mostreig d\u2019aerosols en zones interiors per a detectar el SARS-CoV-2"},"content":{"rendered":"<p><\/p>\n<p style=\"text-align: justify\">L\u2019equip investigador multidisciplinari de les universitats Miguel Hern\u00e1ndez (UMH) d\u2019Elx, Jaume I de Castell\u00f3 (UJI) i Val\u00e8ncia (UV), dirigit per la professora de l\u2019UJI Juana Mar\u00eda Delgado Saborit, ha comen\u00e7at la instal\u00b7laci\u00f3 d\u2019equips de mesura a l\u2019interior de centres p\u00fablics amb la finalitat d\u2019avaluar la c\u00e0rrega gen\u00e8tica del virus SARS-CoV-2.<!--more--><\/p>\n<div id=\"attachment_142121\" style=\"width: 310px\" class=\"wp-caption alignleft\"><a href=\"https:\/\/comunicacion.umh.es\/files\/2021\/04\/Captura.png\"><img aria-describedby=\"caption-attachment-142121\" loading=\"lazy\" class=\"size-medium wp-image-142121\" src=\"https:\/\/comunicacion.umh.es\/files\/2021\/04\/Captura-300x213.png\" alt=\"\" width=\"300\" height=\"213\" srcset=\"https:\/\/comunicacion.umh.es\/files\/2021\/04\/Captura-300x213.png 300w, https:\/\/comunicacion.umh.es\/files\/2021\/04\/Captura-768x544.png 768w, https:\/\/comunicacion.umh.es\/files\/2021\/04\/Captura-1024x726.png 1024w, https:\/\/comunicacion.umh.es\/files\/2021\/04\/Captura.png 1312w\" sizes=\"(max-width: 300px) 100vw, 300px\" \/><\/a><p id=\"caption-attachment-142121\" class=\"wp-caption-text\"><em>Fuente: UMH.<\/em><\/p><\/div>\n<p style=\"text-align: justify\">A Elx, l\u2019equip de la professora del Grup d\u2019Investigaci\u00f3 Laboratori de Contaminaci\u00f3 Atmosf\u00e8rica de la UMH, Nuria Galindo, ja ha iniciat la recollida de mostres a l\u2019aula 1.6 de l\u2019edifici Altabix i en la cafeteria de l\u2019edifici Arenals de la UMH.<\/p>\n<p style=\"text-align: justify\">El projecte Detecci\u00f3 del SARS-CoV-2 en aerosol atmosf\u00e8ric en ambients interiors com a eina d\u2019avaluaci\u00f3 de mesures sanit\u00e0ries de prevenci\u00f3 i d\u2019alerta de la transmissi\u00f3 de la COVID-19 \u00e9s finan\u00e7at per la Generalitat Valenciana com a projecte d\u2019excel\u00b7l\u00e8ncia amb prop de 200.000&nbsp; euros. L\u2019objectiu principal \u00e9s determinar la c\u00e0rrega gen\u00e8tica del virus en mostres d\u2019aerosols, recollides en ambients interiors, i avaluar si aquesta detecci\u00f3 pot ser una eina \u00fatil com a sentinella d\u2019alerta en futurs episodis de la COVID-19.<\/p>\n<p style=\"text-align: justify\">Els equips de recollida de mostres d\u2019aerosols atmosf\u00e8rics s\u00f3n itinerants i romandran instal\u00b7lats durant una setmana en diferents entorns. L\u2019estudi contempla la instal\u00b7laci\u00f3 d\u2019equips en col\u00b7legis d\u2019educaci\u00f3 prim\u00e0ria, instituts d\u2019educaci\u00f3 secund\u00e0ria, hospitals, centres de salut i resid\u00e8ncies d\u2019ancians perqu\u00e8, entre els seus objectius, est\u00e0 avaluar l\u2019efectivitat de les mesures sanit\u00e0ries de prevenci\u00f3 que s\u2019apliquen actualment per a reorientar-les o proposar-ne de noves, d\u2019acord amb els resultats obtinguts en l\u2019estudi. Per a obtindre conclusions que permeten determinar l\u2019efic\u00e0cia de les mesures adoptades, l\u2019equip investigador es proposa arreplegar mostres durant m\u00e9s de quatre mesos, que serviran per a realitzar an\u00e0lisis bioqu\u00edmiques de c\u00e0rrega gen\u00e8tica relativa al SARS-CoV-2 en l\u2019aerosol atmosf\u00e8ric.<\/p>\n<p style=\"text-align: justify\">L\u2019equip d\u2019investigaci\u00f3 est\u00e0 format per Juana Mar\u00eda Delgado, del grup d\u2019Epidemiologia Perinatal, Salut Ambiental i Investigaci\u00f3 Cl\u00ednica de l\u2019UJI; el catedr\u00e0tic Vicente J. Esteve Cano (UJI) i les investigadores Nuria Galindo (UMH) i Ana Esplugues (UV), que conformen el comit\u00e9 assessor cient\u00edfic de qualitat de l\u2019aire; les investigadores de l\u2019UJI Rosa de Llanos, Manuela Barneo i Paula Carrasco com a expertes en Microbiologia; i els investigadors Marisa Reblagliato (UJI), Juan B. Bellido (UJI), Mar\u00eda Barber\u00e1 (UJI), Mar\u00eda Luisa Estarlich (UV), Ferran Ballester (UV) i Carmen I\u00f1\u00edguez (UV), que conformen el comit\u00e9 assessor cient\u00edfic d\u2019epidemiologia ambiental.<\/p>\n<p style=\"text-align: justify\">L\u2019ajuda concedida per la Generalitat Valenciana a la fi de 2020 formava part d\u2019un paquet de subvencions de car\u00e0cter excepcional, destinades a entitats que disposen de projectes d\u2019investigaci\u00f3 d\u2019excel\u00b7l\u00e8ncia per a l\u2019anticipaci\u00f3 i l\u2019adaptaci\u00f3 a situacions derivades de la COVID-19. La finalitat de la iniciativa era el finan\u00e7ament de projectes d\u2019I+D d\u2019excel\u00b7l\u00e8ncia de car\u00e0cter estrat\u00e8gic que permeta les administracions p\u00fabliques disposar dels millors instruments per a la lluita contra el coronavirus.<\/p>\n<p style=\"text-align: justify\">De manera paral\u00b7lela, l\u2019equip del grup d\u2019investigaci\u00f3 Laboratori de Contaminaci\u00f3 Atmosf\u00e8rica de la UMH participa en un altre projecte, basat a analitzar la pres\u00e8ncia de restes gen\u00e8tiques de la COVID-19 en zones urbanes d\u2019Elx. En concret, els investigadors de la UMH han instal\u00b7lat una estaci\u00f3 de mesura atmosf\u00e8rica en el quiosc de la Glorieta.<\/p>\n<p><div id=\"attachment_142120\" style=\"width: 310px\" class=\"wp-caption alignleft\"><a href=\"https:\/\/comunicacion.umh.es\/files\/2021\/04\/IMG-3618.jpg\"><img aria-describedby=\"caption-attachment-142120\" loading=\"lazy\" class=\"size-medium wp-image-142120\" src=\"https:\/\/comunicacion.umh.es\/files\/2021\/04\/IMG-3618-300x225.jpg\" alt=\"\" width=\"300\" height=\"225\" srcset=\"https:\/\/comunicacion.umh.es\/files\/2021\/04\/IMG-3618-300x225.jpg 300w, https:\/\/comunicacion.umh.es\/files\/2021\/04\/IMG-3618-768x576.jpg 768w, https:\/\/comunicacion.umh.es\/files\/2021\/04\/IMG-3618-1024x768.jpg 1024w\" sizes=\"(max-width: 300px) 100vw, 300px\" \/><\/a><p id=\"caption-attachment-142120\" class=\"wp-caption-text\"><em>Fuente: UMH<\/em><\/p><\/div><\/p>","protected":false},"excerpt":{"rendered":"<p>L\u2019equip investigador multidisciplinari de les universitats Miguel Hern\u00e1ndez (UMH) d\u2019Elx, Jaume I de Castell\u00f3 (UJI) i Val\u00e8ncia (UV), dirigit per la professora de l\u2019UJI Juana Mar\u00eda Delgado Saborit, ha comen\u00e7at la instal\u00b7laci\u00f3 d\u2019equips de mesura a l\u2019interior de centres p\u00fablics amb la finalitat d\u2019avaluar la c\u00e0rrega gen\u00e8tica del virus SARS-CoV-2.<br \/>\nFuente: UMH.<br \/>\nA Elx, l\u2019equip de la [&#8230;]<\/p>\n","protected":false},"author":2693,"featured_media":0,"comment_status":"closed","ping_status":"open","sticky":false,"template":"","format":"standard","meta":{"ngg_post_thumbnail":0,"_links_to":"","_links_to_target":""},"categories":[43,2777],"tags":[],"_links":{"self":[{"href":"https:\/\/comunicacion.umh.es\/ca\/wp-json\/wp\/v2\/posts\/142115"}],"collection":[{"href":"https:\/\/comunicacion.umh.es\/ca\/wp-json\/wp\/v2\/posts"}],"about":[{"href":"https:\/\/comunicacion.umh.es\/ca\/wp-json\/wp\/v2\/types\/post"}],"author":[{"embeddable":true,"href":"https:\/\/comunicacion.umh.es\/ca\/wp-json\/wp\/v2\/users\/2693"}],"replies":[{"embeddable":true,"href":"https:\/\/comunicacion.umh.es\/ca\/wp-json\/wp\/v2\/comments?post=142115"}],"version-history":[{"count":0,"href":"https:\/\/comunicacion.umh.es\/ca\/wp-json\/wp\/v2\/posts\/142115\/revisions"}],"wp:attachment":[{"href":"https:\/\/comunicacion.umh.es\/ca\/wp-json\/wp\/v2\/media?parent=142115"}],"wp:term":[{"taxonomy":"category","embeddable":true,"href":"https:\/\/comunicacion.umh.es\/ca\/wp-json\/wp\/v2\/categories?post=142115"},{"taxonomy":"post_tag","embeddable":true,"href":"https:\/\/comunicacion.umh.es\/ca\/wp-json\/wp\/v2\/tags?post=142115"}],"curies":[{"name":"wp","href":"https:\/\/api.w.org\/{rel}","templated":true}]}}