{"id":142985,"date":"2021-05-11T11:58:50","date_gmt":"2021-05-11T09:58:50","guid":{"rendered":"https:\/\/comunicacion.umh.es\/?p=142985"},"modified":"2021-05-18T11:18:38","modified_gmt":"2021-05-18T09:18:38","slug":"la-umh-lanza-una-web-de-visitas-guiadas-a-sus-cuatro-campus","status":"publish","type":"post","link":"https:\/\/comunicacion.umh.es\/ca\/2021\/05\/11\/la-umh-lanza-una-web-de-visitas-guiadas-a-sus-cuatro-campus\/","title":{"rendered":"Visites virtuals pels quatre campus"},"content":{"rendered":"<p><\/p>\n<p style=\"text-align: justify\">on\u00e9ixer els espais i les instal\u00b7lacions dels diferents campus de la Universitat Miguel Hern\u00e1ndez (UMH) d\u2019Elx, aix\u00ed com els secrets dels 26 graus i 2 dobles graus que s\u2019imparteixen en la UMH, tot aix\u00f2 de manera virtual, pot fer-se a trav\u00e9s del nou web que ha llan\u00e7at el Vicerectorat d\u2019Estudiants i Coordinaci\u00f3. Amb aquesta iniciativa, la UMH es converteix en la primera universitat espanyola a oferir aquest servei, que permet diferents visites virtuals.<!--more--><\/p>\n<p><a href=\"https:\/\/comunicacion.umh.es\/files\/2021\/05\/Imagen_arenals.jpg\"><img loading=\"lazy\" class=\"alignleft size-medium wp-image-142988\" src=\"https:\/\/comunicacion.umh.es\/files\/2021\/05\/Imagen_arenals-300x174.jpg\" alt=\"\" width=\"300\" height=\"174\" srcset=\"https:\/\/comunicacion.umh.es\/files\/2021\/05\/Imagen_arenals-300x174.jpg 300w, https:\/\/comunicacion.umh.es\/files\/2021\/05\/Imagen_arenals.jpg 750w\" sizes=\"(max-width: 300px) 100vw, 300px\" \/><\/a><\/p>\n<p style=\"text-align: justify\">Mitjan\u00e7ant el web <a href=\"http:\/\/futuroestudiante.umh.es\/visita\/\">http:\/\/futuroestudiante.umh.es\/visita\/<\/a>, qualsevol visitant pot accedir als edificis i espais que conformen els quatre campus de la UMH, situats a Altea, Sant Joan d\u2019Alacant, Elx i Oriola. A trav\u00e9s d\u2019aquesta iniciativa, la UMH ofereix una experi\u00e8ncia immersiva transm\u00e8dia ja que, en accedir a qualsevol dels itineraris inclosos, un narrador anuncia i explica els recorreguts, mentre es transiten virtualment. Entre els diferents continguts que ofereix el web, destaquen v\u00eddeos de classes i pr\u00e0ctiques; experi\u00e8ncies contades per persones diplomades de la UMH; imatges en 360\u00ba de diferents estades i localitzacions; aix\u00ed com fotografies dels diferents racons de la Universitat.<\/p>\n<p style=\"text-align: justify\">De manera paral\u00b7lela, el Vicerectorat d\u2019Estudiants i Coordinaci\u00f3 de la UMH ha programat unes jornades de portes obertes virtuals i gratu\u00eftes, que se celebraran del 17 al 26 de maig, en horari de vesprada. En aquestes jornades, estudiants dels \u00faltims cursos de la UMH es connectaran a les sessions en directe per a parlar de les seues titulacions i resoldre qualsevol dubte que sorgisca als futurs universitaris. L\u2019activitat est\u00e0 adre\u00e7ada a qualsevol persona interessada a con\u00e9ixer l\u2019oferta acad\u00e8mica, l\u2019acc\u00e9s a la Universitat o les beques i ajudes a l\u2019estudi que ofereix la UMH i el termini d\u2019inscripci\u00f3 romandr\u00e0 obert fins a les 20.00&nbsp;hores del pr\u00f2xim diumenge, 16 de maig, en l\u2019enlla\u00e7: <a href=\"http:\/\/futuroestudiante.umh.es\/jornadas.html\">http:\/\/futuroestudiante.umh.es\/jornadas.html<\/a>.<\/p>\n<p><\/p>","protected":false},"excerpt":{"rendered":"<p>on\u00e9ixer els espais i les instal\u00b7lacions dels diferents campus de la Universitat Miguel Hern\u00e1ndez (UMH) d\u2019Elx, aix\u00ed com els secrets dels 26 graus i 2 dobles graus que s\u2019imparteixen en la UMH, tot aix\u00f2 de manera virtual, pot fer-se a trav\u00e9s del nou web que ha llan\u00e7at el Vicerectorat d\u2019Estudiants i Coordinaci\u00f3. Amb aquesta iniciativa, [&#8230;]<\/p>\n","protected":false},"author":2693,"featured_media":0,"comment_status":"closed","ping_status":"open","sticky":false,"template":"","format":"standard","meta":{"ngg_post_thumbnail":0,"_links_to":"","_links_to_target":""},"categories":[43,2777],"tags":[],"_links":{"self":[{"href":"https:\/\/comunicacion.umh.es\/ca\/wp-json\/wp\/v2\/posts\/142985"}],"collection":[{"href":"https:\/\/comunicacion.umh.es\/ca\/wp-json\/wp\/v2\/posts"}],"about":[{"href":"https:\/\/comunicacion.umh.es\/ca\/wp-json\/wp\/v2\/types\/post"}],"author":[{"embeddable":true,"href":"https:\/\/comunicacion.umh.es\/ca\/wp-json\/wp\/v2\/users\/2693"}],"replies":[{"embeddable":true,"href":"https:\/\/comunicacion.umh.es\/ca\/wp-json\/wp\/v2\/comments?post=142985"}],"version-history":[{"count":0,"href":"https:\/\/comunicacion.umh.es\/ca\/wp-json\/wp\/v2\/posts\/142985\/revisions"}],"wp:attachment":[{"href":"https:\/\/comunicacion.umh.es\/ca\/wp-json\/wp\/v2\/media?parent=142985"}],"wp:term":[{"taxonomy":"category","embeddable":true,"href":"https:\/\/comunicacion.umh.es\/ca\/wp-json\/wp\/v2\/categories?post=142985"},{"taxonomy":"post_tag","embeddable":true,"href":"https:\/\/comunicacion.umh.es\/ca\/wp-json\/wp\/v2\/tags?post=142985"}],"curies":[{"name":"wp","href":"https:\/\/api.w.org\/{rel}","templated":true}]}}