{"id":144353,"date":"2021-06-22T10:53:27","date_gmt":"2021-06-22T08:53:27","guid":{"rendered":"https:\/\/comunicacion.umh.es\/?p=144353"},"modified":"2021-06-28T09:10:14","modified_gmt":"2021-06-28T07:10:14","slug":"el-instituto-alicantino-de-cultura-juan-gil-albert-concede-a-profesores-de-la-umh-ayudas-a-la-investigacion-y-premios-a-las-tesis-doctorales","status":"publish","type":"post","link":"https:\/\/comunicacion.umh.es\/ca\/2021\/06\/22\/el-instituto-alicantino-de-cultura-juan-gil-albert-concede-a-profesores-de-la-umh-ayudas-a-la-investigacion-y-premios-a-las-tesis-doctorales\/","title":{"rendered":"<span lang=\"es\">(Espa\u00f1ol) El Instituto Alicantino de Cultura Juan Gil-Albert concede a profesorado de la UMH ayudas a la investigaci\u00f3n y premios a las tesis doctorales<\/span>"},"content":{"rendered":"<p class=\"qtranxs-available-languages-message qtranxs-available-languages-message-ca\">Ho sent, per\u00f2 aquesta entrada nom\u00e9s est\u00e0 disponible en <a href=\"https:\/\/comunicacion.umh.es\/es\/wp-json\/wp\/v2\/posts\/144353\" class=\"qtranxs-available-language-link qtranxs-available-language-link-es\" title=\"Espa\u00f1ol\">Espanyol Europeu<\/a>.<\/p>","protected":false},"excerpt":{"rendered":"<p>Ho sent, per\u00f2 aquesta entrada nom\u00e9s est\u00e0 disponible en Espanyol Europeu.<\/p>\n","protected":false},"author":2693,"featured_media":0,"comment_status":"closed","ping_status":"open","sticky":false,"template":"","format":"standard","meta":{"ngg_post_thumbnail":0,"_links_to":"","_links_to_target":""},"categories":[43],"tags":[],"_links":{"self":[{"href":"https:\/\/comunicacion.umh.es\/ca\/wp-json\/wp\/v2\/posts\/144353"}],"collection":[{"href":"https:\/\/comunicacion.umh.es\/ca\/wp-json\/wp\/v2\/posts"}],"about":[{"href":"https:\/\/comunicacion.umh.es\/ca\/wp-json\/wp\/v2\/types\/post"}],"author":[{"embeddable":true,"href":"https:\/\/comunicacion.umh.es\/ca\/wp-json\/wp\/v2\/users\/2693"}],"replies":[{"embeddable":true,"href":"https:\/\/comunicacion.umh.es\/ca\/wp-json\/wp\/v2\/comments?post=144353"}],"version-history":[{"count":0,"href":"https:\/\/comunicacion.umh.es\/ca\/wp-json\/wp\/v2\/posts\/144353\/revisions"}],"wp:attachment":[{"href":"https:\/\/comunicacion.umh.es\/ca\/wp-json\/wp\/v2\/media?parent=144353"}],"wp:term":[{"taxonomy":"category","embeddable":true,"href":"https:\/\/comunicacion.umh.es\/ca\/wp-json\/wp\/v2\/categories?post=144353"},{"taxonomy":"post_tag","embeddable":true,"href":"https:\/\/comunicacion.umh.es\/ca\/wp-json\/wp\/v2\/tags?post=144353"}],"curies":[{"name":"wp","href":"https:\/\/api.w.org\/{rel}","templated":true}]}}