{"id":144578,"date":"2021-07-05T10:56:58","date_gmt":"2021-07-05T08:56:58","guid":{"rendered":"https:\/\/comunicacion.umh.es\/?p=144578"},"modified":"2021-07-05T13:24:05","modified_gmt":"2021-07-05T11:24:05","slug":"un-grupo-de-estudiantes-del-grado-en-farmacia-de-la-umh-visitaran-el-laboratorio-de-formulacion-del-colegio-oficial-de-farmaceuticos","status":"publish","type":"post","link":"https:\/\/comunicacion.umh.es\/ca\/2021\/07\/05\/un-grupo-de-estudiantes-del-grado-en-farmacia-de-la-umh-visitaran-el-laboratorio-de-formulacion-del-colegio-oficial-de-farmaceuticos\/","title":{"rendered":"<span lang=\"es\">(Espa\u00f1ol) Un grupo de estudiantes del Grado en Farmacia de la UMH realizar\u00e1n visitas al Laboratorio de Formulaci\u00f3n del Colegio Oficial de Farmac\u00e9uticos<\/span>"},"content":{"rendered":"<p class=\"qtranxs-available-languages-message qtranxs-available-languages-message-ca\">Ho sent, per\u00f2 aquesta entrada nom\u00e9s est\u00e0 disponible en <a href=\"https:\/\/comunicacion.umh.es\/es\/wp-json\/wp\/v2\/posts\/144578\" class=\"qtranxs-available-language-link qtranxs-available-language-link-es\" title=\"Espa\u00f1ol\">Espanyol Europeu<\/a>.<\/p>","protected":false},"excerpt":{"rendered":"<p>Ho sent, per\u00f2 aquesta entrada nom\u00e9s est\u00e0 disponible en Espanyol Europeu.<\/p>\n","protected":false},"author":6349,"featured_media":0,"comment_status":"closed","ping_status":"open","sticky":false,"template":"","format":"standard","meta":{"ngg_post_thumbnail":0,"_links_to":"","_links_to_target":""},"categories":[43],"tags":[],"_links":{"self":[{"href":"https:\/\/comunicacion.umh.es\/ca\/wp-json\/wp\/v2\/posts\/144578"}],"collection":[{"href":"https:\/\/comunicacion.umh.es\/ca\/wp-json\/wp\/v2\/posts"}],"about":[{"href":"https:\/\/comunicacion.umh.es\/ca\/wp-json\/wp\/v2\/types\/post"}],"author":[{"embeddable":true,"href":"https:\/\/comunicacion.umh.es\/ca\/wp-json\/wp\/v2\/users\/6349"}],"replies":[{"embeddable":true,"href":"https:\/\/comunicacion.umh.es\/ca\/wp-json\/wp\/v2\/comments?post=144578"}],"version-history":[{"count":0,"href":"https:\/\/comunicacion.umh.es\/ca\/wp-json\/wp\/v2\/posts\/144578\/revisions"}],"wp:attachment":[{"href":"https:\/\/comunicacion.umh.es\/ca\/wp-json\/wp\/v2\/media?parent=144578"}],"wp:term":[{"taxonomy":"category","embeddable":true,"href":"https:\/\/comunicacion.umh.es\/ca\/wp-json\/wp\/v2\/categories?post=144578"},{"taxonomy":"post_tag","embeddable":true,"href":"https:\/\/comunicacion.umh.es\/ca\/wp-json\/wp\/v2\/tags?post=144578"}],"curies":[{"name":"wp","href":"https:\/\/api.w.org\/{rel}","templated":true}]}}