{"id":145906,"date":"2021-09-14T12:56:42","date_gmt":"2021-09-14T10:56:42","guid":{"rendered":"https:\/\/comunicacion.umh.es\/?p=145906"},"modified":"2021-09-14T12:56:42","modified_gmt":"2021-09-14T10:56:42","slug":"un-estudi-de-la-xarxa-vives-demostra-que-els-programes-per-a-majors-de-55-anys-de-la-umh-milloren-la-salut-i-beneficien-la-vida-social-i-cultural","status":"publish","type":"post","link":"https:\/\/comunicacion.umh.es\/ca\/2021\/09\/14\/un-estudi-de-la-xarxa-vives-demostra-que-els-programes-per-a-majors-de-55-anys-de-la-umh-milloren-la-salut-i-beneficien-la-vida-social-i-cultural\/","title":{"rendered":"<span lang=\"es\">(Espa\u00f1ol) Un estudi de la Xarxa Vives demostra que els programes per a majors de 55 anys de la UMH milloren la salut i beneficien la vida social i cultural<\/span>"},"content":{"rendered":"<p class=\"qtranxs-available-languages-message qtranxs-available-languages-message-ca\">Ho sent, per\u00f2 aquesta entrada nom\u00e9s est\u00e0 disponible en <a href=\"https:\/\/comunicacion.umh.es\/es\/wp-json\/wp\/v2\/posts\/145906\" class=\"qtranxs-available-language-link qtranxs-available-language-link-es\" title=\"Espa\u00f1ol\">Espanyol Europeu<\/a>.<\/p>","protected":false},"excerpt":{"rendered":"<p>Ho sent, per\u00f2 aquesta entrada nom\u00e9s est\u00e0 disponible en Espanyol Europeu.<\/p>\n","protected":false},"author":6349,"featured_media":0,"comment_status":"closed","ping_status":"open","sticky":false,"template":"","format":"standard","meta":{"ngg_post_thumbnail":0,"_links_to":"","_links_to_target":""},"categories":[43],"tags":[],"_links":{"self":[{"href":"https:\/\/comunicacion.umh.es\/ca\/wp-json\/wp\/v2\/posts\/145906"}],"collection":[{"href":"https:\/\/comunicacion.umh.es\/ca\/wp-json\/wp\/v2\/posts"}],"about":[{"href":"https:\/\/comunicacion.umh.es\/ca\/wp-json\/wp\/v2\/types\/post"}],"author":[{"embeddable":true,"href":"https:\/\/comunicacion.umh.es\/ca\/wp-json\/wp\/v2\/users\/6349"}],"replies":[{"embeddable":true,"href":"https:\/\/comunicacion.umh.es\/ca\/wp-json\/wp\/v2\/comments?post=145906"}],"version-history":[{"count":0,"href":"https:\/\/comunicacion.umh.es\/ca\/wp-json\/wp\/v2\/posts\/145906\/revisions"}],"wp:attachment":[{"href":"https:\/\/comunicacion.umh.es\/ca\/wp-json\/wp\/v2\/media?parent=145906"}],"wp:term":[{"taxonomy":"category","embeddable":true,"href":"https:\/\/comunicacion.umh.es\/ca\/wp-json\/wp\/v2\/categories?post=145906"},{"taxonomy":"post_tag","embeddable":true,"href":"https:\/\/comunicacion.umh.es\/ca\/wp-json\/wp\/v2\/tags?post=145906"}],"curies":[{"name":"wp","href":"https:\/\/api.w.org\/{rel}","templated":true}]}}