{"id":146091,"date":"2021-09-21T09:35:32","date_gmt":"2021-09-21T07:35:32","guid":{"rendered":"https:\/\/comunicacion.umh.es\/?p=146091"},"modified":"2021-09-21T09:38:39","modified_gmt":"2021-09-21T07:38:39","slug":"el-colegio-oficial-de-farmaceuticos-de-alicante-concedera-el-premio-al-mejor-alumno-de-la-facultad-de-farmacia-de-la-umh","status":"publish","type":"post","link":"https:\/\/comunicacion.umh.es\/ca\/2021\/09\/21\/el-colegio-oficial-de-farmaceuticos-de-alicante-concedera-el-premio-al-mejor-alumno-de-la-facultad-de-farmacia-de-la-umh\/","title":{"rendered":"<span lang=\"es\">(Espa\u00f1ol) El Colegio Oficial de Farmac\u00e9uticos de Alicante conceder\u00e1 el Premio al Mejor Alumno de la Facultad de Farmacia de la UMH<\/span>"},"content":{"rendered":"<p class=\"qtranxs-available-languages-message qtranxs-available-languages-message-ca\">Ho sent, per\u00f2 aquesta entrada nom\u00e9s est\u00e0 disponible en <a href=\"https:\/\/comunicacion.umh.es\/es\/wp-json\/wp\/v2\/posts\/146091\" class=\"qtranxs-available-language-link qtranxs-available-language-link-es\" title=\"Espa\u00f1ol\">Espanyol Europeu<\/a>.<\/p>","protected":false},"excerpt":{"rendered":"<p>Ho sent, per\u00f2 aquesta entrada nom\u00e9s est\u00e0 disponible en Espanyol Europeu.<\/p>\n","protected":false},"author":6349,"featured_media":0,"comment_status":"closed","ping_status":"open","sticky":false,"template":"","format":"standard","meta":{"ngg_post_thumbnail":0,"_links_to":"","_links_to_target":""},"categories":[43],"tags":[],"_links":{"self":[{"href":"https:\/\/comunicacion.umh.es\/ca\/wp-json\/wp\/v2\/posts\/146091"}],"collection":[{"href":"https:\/\/comunicacion.umh.es\/ca\/wp-json\/wp\/v2\/posts"}],"about":[{"href":"https:\/\/comunicacion.umh.es\/ca\/wp-json\/wp\/v2\/types\/post"}],"author":[{"embeddable":true,"href":"https:\/\/comunicacion.umh.es\/ca\/wp-json\/wp\/v2\/users\/6349"}],"replies":[{"embeddable":true,"href":"https:\/\/comunicacion.umh.es\/ca\/wp-json\/wp\/v2\/comments?post=146091"}],"version-history":[{"count":0,"href":"https:\/\/comunicacion.umh.es\/ca\/wp-json\/wp\/v2\/posts\/146091\/revisions"}],"wp:attachment":[{"href":"https:\/\/comunicacion.umh.es\/ca\/wp-json\/wp\/v2\/media?parent=146091"}],"wp:term":[{"taxonomy":"category","embeddable":true,"href":"https:\/\/comunicacion.umh.es\/ca\/wp-json\/wp\/v2\/categories?post=146091"},{"taxonomy":"post_tag","embeddable":true,"href":"https:\/\/comunicacion.umh.es\/ca\/wp-json\/wp\/v2\/tags?post=146091"}],"curies":[{"name":"wp","href":"https:\/\/api.w.org\/{rel}","templated":true}]}}