{"id":147467,"date":"2021-11-04T11:31:49","date_gmt":"2021-11-04T10:31:49","guid":{"rendered":"https:\/\/comunicacion.umh.es\/?p=147467"},"modified":"2021-11-04T11:41:28","modified_gmt":"2021-11-04T10:41:28","slug":"la-umh-acoge-el-iii-foro-alicante-la-innovacion-en-la-gestion-y-la-v-jornada-de-equipos-de-mejora-e-innovacion","status":"publish","type":"post","link":"https:\/\/comunicacion.umh.es\/ca\/2021\/11\/04\/la-umh-acoge-el-iii-foro-alicante-la-innovacion-en-la-gestion-y-la-v-jornada-de-equipos-de-mejora-e-innovacion\/","title":{"rendered":"<span lang=\"es\">(Espa\u00f1ol) La UMH acoge el III Foro Alicante \u2018La innovaci\u00f3n en la gesti\u00f3n\u2019 y la V Jornada de \u2018Equipos de Mejora e Innovaci\u00f3n\u2019<\/span>"},"content":{"rendered":"<p class=\"qtranxs-available-languages-message qtranxs-available-languages-message-ca\">Ho sent, per\u00f2 aquesta entrada nom\u00e9s est\u00e0 disponible en <a href=\"https:\/\/comunicacion.umh.es\/es\/wp-json\/wp\/v2\/posts\/147467\" class=\"qtranxs-available-language-link qtranxs-available-language-link-es\" title=\"Espa\u00f1ol\">Espanyol Europeu<\/a>.<\/p>","protected":false},"excerpt":{"rendered":"<p>Ho sent, per\u00f2 aquesta entrada nom\u00e9s est\u00e0 disponible en Espanyol Europeu.<\/p>\n","protected":false},"author":2693,"featured_media":0,"comment_status":"closed","ping_status":"open","sticky":false,"template":"","format":"standard","meta":{"ngg_post_thumbnail":0,"_links_to":"","_links_to_target":""},"categories":[43],"tags":[],"_links":{"self":[{"href":"https:\/\/comunicacion.umh.es\/ca\/wp-json\/wp\/v2\/posts\/147467"}],"collection":[{"href":"https:\/\/comunicacion.umh.es\/ca\/wp-json\/wp\/v2\/posts"}],"about":[{"href":"https:\/\/comunicacion.umh.es\/ca\/wp-json\/wp\/v2\/types\/post"}],"author":[{"embeddable":true,"href":"https:\/\/comunicacion.umh.es\/ca\/wp-json\/wp\/v2\/users\/2693"}],"replies":[{"embeddable":true,"href":"https:\/\/comunicacion.umh.es\/ca\/wp-json\/wp\/v2\/comments?post=147467"}],"version-history":[{"count":0,"href":"https:\/\/comunicacion.umh.es\/ca\/wp-json\/wp\/v2\/posts\/147467\/revisions"}],"wp:attachment":[{"href":"https:\/\/comunicacion.umh.es\/ca\/wp-json\/wp\/v2\/media?parent=147467"}],"wp:term":[{"taxonomy":"category","embeddable":true,"href":"https:\/\/comunicacion.umh.es\/ca\/wp-json\/wp\/v2\/categories?post=147467"},{"taxonomy":"post_tag","embeddable":true,"href":"https:\/\/comunicacion.umh.es\/ca\/wp-json\/wp\/v2\/tags?post=147467"}],"curies":[{"name":"wp","href":"https:\/\/api.w.org\/{rel}","templated":true}]}}