{"id":150088,"date":"2022-01-25T09:10:46","date_gmt":"2022-01-25T08:10:46","guid":{"rendered":"https:\/\/comunicacion.umh.es\/?p=150088"},"modified":"2022-01-25T09:10:46","modified_gmt":"2022-01-25T08:10:46","slug":"un-estudio-del-centro-iguala-del-pcumh-analiza-cuales-son-las-razones-que-llevan-a-testigos-de-casos-de-violencia-de-genero-a-no-denunciar","status":"publish","type":"post","link":"https:\/\/comunicacion.umh.es\/ca\/2022\/01\/25\/un-estudio-del-centro-iguala-del-pcumh-analiza-cuales-son-las-razones-que-llevan-a-testigos-de-casos-de-violencia-de-genero-a-no-denunciar\/","title":{"rendered":"<span lang=\"es\">(Espa\u00f1ol) Un estudio del Centro Iguala del PCUMH analiza cu\u00e1les son las razones que llevan a testigos de casos de violencia de g\u00e9nero a no denunciar<\/span>"},"content":{"rendered":"<p class=\"qtranxs-available-languages-message qtranxs-available-languages-message-ca\">Ho sent, per\u00f2 aquesta entrada nom\u00e9s est\u00e0 disponible en <a href=\"https:\/\/comunicacion.umh.es\/es\/wp-json\/wp\/v2\/posts\/150088\" class=\"qtranxs-available-language-link qtranxs-available-language-link-es\" title=\"Espa\u00f1ol\">Espanyol Europeu<\/a>.<\/p>","protected":false},"excerpt":{"rendered":"<p>Ho sent, per\u00f2 aquesta entrada nom\u00e9s est\u00e0 disponible en Espanyol Europeu.<\/p>\n","protected":false},"author":17010,"featured_media":0,"comment_status":"closed","ping_status":"open","sticky":false,"template":"","format":"standard","meta":{"ngg_post_thumbnail":0,"_links_to":"","_links_to_target":""},"categories":[43],"tags":[],"_links":{"self":[{"href":"https:\/\/comunicacion.umh.es\/ca\/wp-json\/wp\/v2\/posts\/150088"}],"collection":[{"href":"https:\/\/comunicacion.umh.es\/ca\/wp-json\/wp\/v2\/posts"}],"about":[{"href":"https:\/\/comunicacion.umh.es\/ca\/wp-json\/wp\/v2\/types\/post"}],"author":[{"embeddable":true,"href":"https:\/\/comunicacion.umh.es\/ca\/wp-json\/wp\/v2\/users\/17010"}],"replies":[{"embeddable":true,"href":"https:\/\/comunicacion.umh.es\/ca\/wp-json\/wp\/v2\/comments?post=150088"}],"version-history":[{"count":0,"href":"https:\/\/comunicacion.umh.es\/ca\/wp-json\/wp\/v2\/posts\/150088\/revisions"}],"wp:attachment":[{"href":"https:\/\/comunicacion.umh.es\/ca\/wp-json\/wp\/v2\/media?parent=150088"}],"wp:term":[{"taxonomy":"category","embeddable":true,"href":"https:\/\/comunicacion.umh.es\/ca\/wp-json\/wp\/v2\/categories?post=150088"},{"taxonomy":"post_tag","embeddable":true,"href":"https:\/\/comunicacion.umh.es\/ca\/wp-json\/wp\/v2\/tags?post=150088"}],"curies":[{"name":"wp","href":"https:\/\/api.w.org\/{rel}","templated":true}]}}