{"id":151324,"date":"2022-03-01T11:21:48","date_gmt":"2022-03-01T10:21:48","guid":{"rendered":"https:\/\/comunicacion.umh.es\/?p=151324"},"modified":"2022-03-03T10:13:43","modified_gmt":"2022-03-03T09:13:43","slug":"comunicado-de-condena-de-la-invasion-de-ucrania-por-parte-del-estado-ruso","status":"publish","type":"post","link":"https:\/\/comunicacion.umh.es\/ca\/2022\/03\/01\/comunicado-de-condena-de-la-invasion-de-ucrania-por-parte-del-estado-ruso\/","title":{"rendered":"Comunicat de condemna de la invasi\u00f3 d&#8217;Ucra\u00efna per part de l&#8217;Estat rus"},"content":{"rendered":"<p><\/p>\n<p style=\"text-align: justify\">Crue Universitats Espanyoles, de la qual forma part la Universitat Miguel Hern\u00e1ndez (UMH) d&#8217;Elx, vol traslladar tot el seu suport i solidaritat a les institucions acad\u00e8miques d&#8217;Ucra\u00efna, a les seues comunitats universit\u00e0ries i a la poblaci\u00f3 d&#8217;aquest pa\u00eds en aquests dif\u00edcils moments.<!--more--><\/p>\n<div id=\"attachment_89131\" style=\"width: 310px\" class=\"wp-caption alignleft\"><a href=\"https:\/\/comunicacion.umh.es\/files\/2016\/02\/02-16-RECTORADO-Y-CARTEL-2-EXT.jpg\"><img aria-describedby=\"caption-attachment-89131\" loading=\"lazy\" class=\"size-medium wp-image-89131\" src=\"https:\/\/comunicacion.umh.es\/files\/2016\/02\/02-16-RECTORADO-Y-CARTEL-2-EXT-300x203.jpg\" alt=\"\" width=\"300\" height=\"203\" srcset=\"https:\/\/comunicacion.umh.es\/files\/2016\/02\/02-16-RECTORADO-Y-CARTEL-2-EXT-300x203.jpg 300w, https:\/\/comunicacion.umh.es\/files\/2016\/02\/02-16-RECTORADO-Y-CARTEL-2-EXT-1024x694.jpg 1024w\" sizes=\"(max-width: 300px) 100vw, 300px\" \/><\/a><p id=\"caption-attachment-89131\" class=\"wp-caption-text\"><em>Fuente: archivo UMH<\/em><\/p><\/div>\n<p style=\"text-align: justify\">Res \u00e9s m\u00e9s contrari a l&#8217;esperit de la Universitat que la viol\u00e8ncia. Condemnem fermament l&#8217;agressi\u00f3 iniciada per l&#8217;Estat rus i demanem que la diplom\u00e0cia torne a ocupar el lloc que li correspon com a via de resoluci\u00f3 d&#8217;un conflicte que, si no es para immediatament, pot deslligar unes conseq\u00fc\u00e8ncies inimaginables.<\/p>\n<p>Les universitats espanyoles col\u00b7laboraran i cooperaran, a trav\u00e9s de les seues xarxes acad\u00e8miques i de relacions institucionals, en tot el que siga possible per a reconduir una situaci\u00f3 que mai hauria d&#8217;haver-se produ\u00eft.<\/p>\n<p><\/p>","protected":false},"excerpt":{"rendered":"<p>Crue Universitats Espanyoles, de la qual forma part la Universitat Miguel Hern\u00e1ndez (UMH) d&#8217;Elx, vol traslladar tot el seu suport i solidaritat a les institucions acad\u00e8miques d&#8217;Ucra\u00efna, a les seues comunitats universit\u00e0ries i a la poblaci\u00f3 d&#8217;aquest pa\u00eds en aquests dif\u00edcils moments.<br \/>\nFuente: archivo UMH<br \/>\nRes \u00e9s m\u00e9s contrari a l&#8217;esperit de la Universitat que la viol\u00e8ncia. [&#8230;]<\/p>\n","protected":false},"author":2693,"featured_media":0,"comment_status":"closed","ping_status":"open","sticky":false,"template":"","format":"standard","meta":{"ngg_post_thumbnail":0,"_links_to":"","_links_to_target":""},"categories":[2777],"tags":[],"_links":{"self":[{"href":"https:\/\/comunicacion.umh.es\/ca\/wp-json\/wp\/v2\/posts\/151324"}],"collection":[{"href":"https:\/\/comunicacion.umh.es\/ca\/wp-json\/wp\/v2\/posts"}],"about":[{"href":"https:\/\/comunicacion.umh.es\/ca\/wp-json\/wp\/v2\/types\/post"}],"author":[{"embeddable":true,"href":"https:\/\/comunicacion.umh.es\/ca\/wp-json\/wp\/v2\/users\/2693"}],"replies":[{"embeddable":true,"href":"https:\/\/comunicacion.umh.es\/ca\/wp-json\/wp\/v2\/comments?post=151324"}],"version-history":[{"count":0,"href":"https:\/\/comunicacion.umh.es\/ca\/wp-json\/wp\/v2\/posts\/151324\/revisions"}],"wp:attachment":[{"href":"https:\/\/comunicacion.umh.es\/ca\/wp-json\/wp\/v2\/media?parent=151324"}],"wp:term":[{"taxonomy":"category","embeddable":true,"href":"https:\/\/comunicacion.umh.es\/ca\/wp-json\/wp\/v2\/categories?post=151324"},{"taxonomy":"post_tag","embeddable":true,"href":"https:\/\/comunicacion.umh.es\/ca\/wp-json\/wp\/v2\/tags?post=151324"}],"curies":[{"name":"wp","href":"https:\/\/api.w.org\/{rel}","templated":true}]}}