{"id":155205,"date":"2022-06-30T10:18:24","date_gmt":"2022-06-30T08:18:24","guid":{"rendered":"https:\/\/comunicacion.umh.es\/?p=155205"},"modified":"2022-06-30T13:59:54","modified_gmt":"2022-06-30T11:59:54","slug":"la-umh-e-isabial-estudiaran-el-dolor-cronico-tras-la-cirugia-de-rodilla-con-financiacion-de-la-fundacion-mutua-madrilena","status":"publish","type":"post","link":"https:\/\/comunicacion.umh.es\/ca\/2022\/06\/30\/la-umh-e-isabial-estudiaran-el-dolor-cronico-tras-la-cirugia-de-rodilla-con-financiacion-de-la-fundacion-mutua-madrilena\/","title":{"rendered":"<span lang=\"es\">(Espa\u00f1ol) La UMH e ISABIAL estudiar\u00e1n el dolor cr\u00f3nico tras la cirug\u00eda de rodilla con financiaci\u00f3n de la Fundaci\u00f3n Mutua Madrile\u00f1a<\/span>"},"content":{"rendered":"<p class=\"qtranxs-available-languages-message qtranxs-available-languages-message-ca\">Ho sent, per\u00f2 aquesta entrada nom\u00e9s est\u00e0 disponible en <a href=\"https:\/\/comunicacion.umh.es\/es\/wp-json\/wp\/v2\/posts\/155205\" class=\"qtranxs-available-language-link qtranxs-available-language-link-es\" title=\"Espa\u00f1ol\">Espanyol Europeu<\/a>.<\/p>","protected":false},"excerpt":{"rendered":"<p>Ho sent, per\u00f2 aquesta entrada nom\u00e9s est\u00e0 disponible en Espanyol Europeu.<\/p>\n","protected":false},"author":18258,"featured_media":0,"comment_status":"closed","ping_status":"open","sticky":false,"template":"","format":"standard","meta":{"ngg_post_thumbnail":0,"_links_to":"","_links_to_target":""},"categories":[43],"tags":[],"_links":{"self":[{"href":"https:\/\/comunicacion.umh.es\/ca\/wp-json\/wp\/v2\/posts\/155205"}],"collection":[{"href":"https:\/\/comunicacion.umh.es\/ca\/wp-json\/wp\/v2\/posts"}],"about":[{"href":"https:\/\/comunicacion.umh.es\/ca\/wp-json\/wp\/v2\/types\/post"}],"author":[{"embeddable":true,"href":"https:\/\/comunicacion.umh.es\/ca\/wp-json\/wp\/v2\/users\/18258"}],"replies":[{"embeddable":true,"href":"https:\/\/comunicacion.umh.es\/ca\/wp-json\/wp\/v2\/comments?post=155205"}],"version-history":[{"count":0,"href":"https:\/\/comunicacion.umh.es\/ca\/wp-json\/wp\/v2\/posts\/155205\/revisions"}],"wp:attachment":[{"href":"https:\/\/comunicacion.umh.es\/ca\/wp-json\/wp\/v2\/media?parent=155205"}],"wp:term":[{"taxonomy":"category","embeddable":true,"href":"https:\/\/comunicacion.umh.es\/ca\/wp-json\/wp\/v2\/categories?post=155205"},{"taxonomy":"post_tag","embeddable":true,"href":"https:\/\/comunicacion.umh.es\/ca\/wp-json\/wp\/v2\/tags?post=155205"}],"curies":[{"name":"wp","href":"https:\/\/api.w.org\/{rel}","templated":true}]}}