{"id":158739,"date":"2022-11-17T10:47:35","date_gmt":"2022-11-17T09:47:35","guid":{"rendered":"https:\/\/comunicacion.umh.es\/?p=158739"},"modified":"2022-11-17T10:47:35","modified_gmt":"2022-11-17T09:47:35","slug":"los-profesores-mireia-orgiles-y-jose-pedro-espada-presentan-un-libro-sobre-tratamiento-psicologico-con-ninos-y-adolescentes","status":"publish","type":"post","link":"https:\/\/comunicacion.umh.es\/ca\/2022\/11\/17\/los-profesores-mireia-orgiles-y-jose-pedro-espada-presentan-un-libro-sobre-tratamiento-psicologico-con-ninos-y-adolescentes\/","title":{"rendered":"<span lang=\"es\">(Espa\u00f1ol) Los profesores Mireia Orgil\u00e9s y Jos\u00e9 Pedro Espada presentan un libro sobre tratamiento psicol\u00f3gico con ni\u00f1os y adolescentes<\/span>"},"content":{"rendered":"<p class=\"qtranxs-available-languages-message qtranxs-available-languages-message-ca\">Ho sent, per\u00f2 aquesta entrada nom\u00e9s est\u00e0 disponible en <a href=\"https:\/\/comunicacion.umh.es\/es\/wp-json\/wp\/v2\/posts\/158739\" class=\"qtranxs-available-language-link qtranxs-available-language-link-es\" title=\"Espa\u00f1ol\">Espanyol Europeu<\/a>.<\/p>","protected":false},"excerpt":{"rendered":"<p>Ho sent, per\u00f2 aquesta entrada nom\u00e9s est\u00e0 disponible en Espanyol Europeu.<\/p>\n","protected":false},"author":23263,"featured_media":0,"comment_status":"closed","ping_status":"open","sticky":false,"template":"","format":"standard","meta":{"ngg_post_thumbnail":0,"_links_to":"","_links_to_target":""},"categories":[43],"tags":[],"_links":{"self":[{"href":"https:\/\/comunicacion.umh.es\/ca\/wp-json\/wp\/v2\/posts\/158739"}],"collection":[{"href":"https:\/\/comunicacion.umh.es\/ca\/wp-json\/wp\/v2\/posts"}],"about":[{"href":"https:\/\/comunicacion.umh.es\/ca\/wp-json\/wp\/v2\/types\/post"}],"author":[{"embeddable":true,"href":"https:\/\/comunicacion.umh.es\/ca\/wp-json\/wp\/v2\/users\/23263"}],"replies":[{"embeddable":true,"href":"https:\/\/comunicacion.umh.es\/ca\/wp-json\/wp\/v2\/comments?post=158739"}],"version-history":[{"count":0,"href":"https:\/\/comunicacion.umh.es\/ca\/wp-json\/wp\/v2\/posts\/158739\/revisions"}],"wp:attachment":[{"href":"https:\/\/comunicacion.umh.es\/ca\/wp-json\/wp\/v2\/media?parent=158739"}],"wp:term":[{"taxonomy":"category","embeddable":true,"href":"https:\/\/comunicacion.umh.es\/ca\/wp-json\/wp\/v2\/categories?post=158739"},{"taxonomy":"post_tag","embeddable":true,"href":"https:\/\/comunicacion.umh.es\/ca\/wp-json\/wp\/v2\/tags?post=158739"}],"curies":[{"name":"wp","href":"https:\/\/api.w.org\/{rel}","templated":true}]}}