{"id":1603,"date":"2012-03-12T15:34:49","date_gmt":"2012-03-12T13:34:49","guid":{"rendered":"http:\/\/comunicacion.umh.es\/?p=1603"},"modified":"2012-03-21T15:14:55","modified_gmt":"2012-03-21T13:14:55","slug":"el-investigador-de-la-umh-javier-saez-valero-obtiene-un-proyecto-de-investigacion-sobre-el-diagnostico-del-alzheimer","status":"publish","type":"post","link":"https:\/\/comunicacion.umh.es\/ca\/2012\/03\/12\/el-investigador-de-la-umh-javier-saez-valero-obtiene-un-proyecto-de-investigacion-sobre-el-diagnostico-del-alzheimer\/","title":{"rendered":"<span lang=\"es\">(Espa\u00f1ol) Proyecto de investigaci\u00f3n sobre el diagn\u00f3stico del Alzheimer<\/span>"},"content":{"rendered":"<p><\/p>\n<p><!--more--><\/p>\n<p><\/p>","protected":false},"excerpt":{"rendered":"","protected":false},"author":308,"featured_media":0,"comment_status":"closed","ping_status":"open","sticky":false,"template":"","format":"standard","meta":{"ngg_post_thumbnail":0,"_links_to":"","_links_to_target":""},"categories":[2782,191,2786,43,2778,2777,2918],"tags":[],"_links":{"self":[{"href":"https:\/\/comunicacion.umh.es\/ca\/wp-json\/wp\/v2\/posts\/1603"}],"collection":[{"href":"https:\/\/comunicacion.umh.es\/ca\/wp-json\/wp\/v2\/posts"}],"about":[{"href":"https:\/\/comunicacion.umh.es\/ca\/wp-json\/wp\/v2\/types\/post"}],"author":[{"embeddable":true,"href":"https:\/\/comunicacion.umh.es\/ca\/wp-json\/wp\/v2\/users\/308"}],"replies":[{"embeddable":true,"href":"https:\/\/comunicacion.umh.es\/ca\/wp-json\/wp\/v2\/comments?post=1603"}],"version-history":[{"count":0,"href":"https:\/\/comunicacion.umh.es\/ca\/wp-json\/wp\/v2\/posts\/1603\/revisions"}],"wp:attachment":[{"href":"https:\/\/comunicacion.umh.es\/ca\/wp-json\/wp\/v2\/media?parent=1603"}],"wp:term":[{"taxonomy":"category","embeddable":true,"href":"https:\/\/comunicacion.umh.es\/ca\/wp-json\/wp\/v2\/categories?post=1603"},{"taxonomy":"post_tag","embeddable":true,"href":"https:\/\/comunicacion.umh.es\/ca\/wp-json\/wp\/v2\/tags?post=1603"}],"curies":[{"name":"wp","href":"https:\/\/api.w.org\/{rel}","templated":true}]}}