{"id":160341,"date":"2023-01-25T09:49:15","date_gmt":"2023-01-25T08:49:15","guid":{"rendered":"https:\/\/comunicacion.umh.es\/?p=160341"},"modified":"2023-01-25T12:27:08","modified_gmt":"2023-01-25T11:27:08","slug":"la-start-up-laud-recycled-del-parque-cientifico-umh-expande-a-puntos-fisicos-la-venta-de-sus-sneakers-artesanales-veganas-y-sostenibles","status":"publish","type":"post","link":"https:\/\/comunicacion.umh.es\/ca\/2023\/01\/25\/la-start-up-laud-recycled-del-parque-cientifico-umh-expande-a-puntos-fisicos-la-venta-de-sus-sneakers-artesanales-veganas-y-sostenibles\/","title":{"rendered":"<span lang=\"es\">(Espa\u00f1ol) La start-up La\u00fcd Recycled del Parque Cient\u00edfico UMH expande a puntos f\u00edsicos la venta de sus sneakers artesanales, veganas y sostenibles<\/span>"},"content":{"rendered":"<p class=\"qtranxs-available-languages-message qtranxs-available-languages-message-ca\">Ho sent, per\u00f2 aquesta entrada nom\u00e9s est\u00e0 disponible en <a href=\"https:\/\/comunicacion.umh.es\/es\/wp-json\/wp\/v2\/posts\/160341\" class=\"qtranxs-available-language-link qtranxs-available-language-link-es\" title=\"Espa\u00f1ol\">Espanyol Europeu<\/a>.<\/p>","protected":false},"excerpt":{"rendered":"<p>Ho sent, per\u00f2 aquesta entrada nom\u00e9s est\u00e0 disponible en Espanyol Europeu.<\/p>\n","protected":false},"author":18258,"featured_media":0,"comment_status":"closed","ping_status":"open","sticky":false,"template":"","format":"standard","meta":{"ngg_post_thumbnail":0,"_links_to":"","_links_to_target":""},"categories":[43],"tags":[],"_links":{"self":[{"href":"https:\/\/comunicacion.umh.es\/ca\/wp-json\/wp\/v2\/posts\/160341"}],"collection":[{"href":"https:\/\/comunicacion.umh.es\/ca\/wp-json\/wp\/v2\/posts"}],"about":[{"href":"https:\/\/comunicacion.umh.es\/ca\/wp-json\/wp\/v2\/types\/post"}],"author":[{"embeddable":true,"href":"https:\/\/comunicacion.umh.es\/ca\/wp-json\/wp\/v2\/users\/18258"}],"replies":[{"embeddable":true,"href":"https:\/\/comunicacion.umh.es\/ca\/wp-json\/wp\/v2\/comments?post=160341"}],"version-history":[{"count":0,"href":"https:\/\/comunicacion.umh.es\/ca\/wp-json\/wp\/v2\/posts\/160341\/revisions"}],"wp:attachment":[{"href":"https:\/\/comunicacion.umh.es\/ca\/wp-json\/wp\/v2\/media?parent=160341"}],"wp:term":[{"taxonomy":"category","embeddable":true,"href":"https:\/\/comunicacion.umh.es\/ca\/wp-json\/wp\/v2\/categories?post=160341"},{"taxonomy":"post_tag","embeddable":true,"href":"https:\/\/comunicacion.umh.es\/ca\/wp-json\/wp\/v2\/tags?post=160341"}],"curies":[{"name":"wp","href":"https:\/\/api.w.org\/{rel}","templated":true}]}}