{"id":16320,"date":"2012-04-27T14:21:51","date_gmt":"2012-04-27T12:21:51","guid":{"rendered":"http:\/\/comunicacion.umh.es\/?p=16320"},"modified":"2012-04-27T14:29:48","modified_gmt":"2012-04-27T12:29:48","slug":"la-umh-renueva-por-tercera-vez-la-certificacion-de-calidad-de-la-gestion-de-la-investigacion","status":"publish","type":"post","link":"https:\/\/comunicacion.umh.es\/ca\/2012\/04\/27\/la-umh-renueva-por-tercera-vez-la-certificacion-de-calidad-de-la-gestion-de-la-investigacion\/","title":{"rendered":"<span lang=\"es\">(Espa\u00f1ol) La UMH renueva por tercera vez la certificaci\u00f3n de Calidad de la Gesti\u00f3n de la Investigaci\u00f3n<\/span>"},"content":{"rendered":"<p><\/p>\n<p><p><!--more--><\/p>\n<\/p>\n<p><\/p>","protected":false},"excerpt":{"rendered":"","protected":false},"author":1772,"featured_media":0,"comment_status":"closed","ping_status":"open","sticky":false,"template":"","format":"standard","meta":{"ngg_post_thumbnail":0,"_links_to":"","_links_to_target":""},"categories":[69,2782,43,2778,2420],"tags":[],"_links":{"self":[{"href":"https:\/\/comunicacion.umh.es\/ca\/wp-json\/wp\/v2\/posts\/16320"}],"collection":[{"href":"https:\/\/comunicacion.umh.es\/ca\/wp-json\/wp\/v2\/posts"}],"about":[{"href":"https:\/\/comunicacion.umh.es\/ca\/wp-json\/wp\/v2\/types\/post"}],"author":[{"embeddable":true,"href":"https:\/\/comunicacion.umh.es\/ca\/wp-json\/wp\/v2\/users\/1772"}],"replies":[{"embeddable":true,"href":"https:\/\/comunicacion.umh.es\/ca\/wp-json\/wp\/v2\/comments?post=16320"}],"version-history":[{"count":0,"href":"https:\/\/comunicacion.umh.es\/ca\/wp-json\/wp\/v2\/posts\/16320\/revisions"}],"wp:attachment":[{"href":"https:\/\/comunicacion.umh.es\/ca\/wp-json\/wp\/v2\/media?parent=16320"}],"wp:term":[{"taxonomy":"category","embeddable":true,"href":"https:\/\/comunicacion.umh.es\/ca\/wp-json\/wp\/v2\/categories?post=16320"},{"taxonomy":"post_tag","embeddable":true,"href":"https:\/\/comunicacion.umh.es\/ca\/wp-json\/wp\/v2\/tags?post=16320"}],"curies":[{"name":"wp","href":"https:\/\/api.w.org\/{rel}","templated":true}]}}