{"id":164456,"date":"2023-05-18T11:53:09","date_gmt":"2023-05-18T09:53:09","guid":{"rendered":"https:\/\/comunicacion.umh.es\/?p=164456"},"modified":"2023-05-18T11:53:09","modified_gmt":"2023-05-18T09:53:09","slug":"el-profesor-de-la-umh-guillermo-lopez-aliaga-publica-su-obra-la-eminencia-gris-conversaciones-en-la-sala-de-montaje-cinematografico","status":"publish","type":"post","link":"https:\/\/comunicacion.umh.es\/ca\/2023\/05\/18\/el-profesor-de-la-umh-guillermo-lopez-aliaga-publica-su-obra-la-eminencia-gris-conversaciones-en-la-sala-de-montaje-cinematografico\/","title":{"rendered":"<span lang=\"es\">(Espa\u00f1ol) El profesor de la UMH Guillermo L\u00f3pez Aliaga publica su obra \u2018La eminencia gris. Conversaciones en la sala de montaje cinematogr\u00e1fico\u2019<\/span>"},"content":{"rendered":"<p class=\"qtranxs-available-languages-message qtranxs-available-languages-message-ca\">Ho sent, per\u00f2 aquesta entrada nom\u00e9s est\u00e0 disponible en <a href=\"https:\/\/comunicacion.umh.es\/es\/wp-json\/wp\/v2\/posts\/164456\" class=\"qtranxs-available-language-link qtranxs-available-language-link-es\" title=\"Espa\u00f1ol\">Espanyol Europeu<\/a>.<\/p>","protected":false},"excerpt":{"rendered":"<p>Ho sent, per\u00f2 aquesta entrada nom\u00e9s est\u00e0 disponible en Espanyol Europeu.<\/p>\n","protected":false},"author":23263,"featured_media":0,"comment_status":"closed","ping_status":"open","sticky":false,"template":"","format":"standard","meta":{"ngg_post_thumbnail":0,"_links_to":"","_links_to_target":""},"categories":[43],"tags":[],"_links":{"self":[{"href":"https:\/\/comunicacion.umh.es\/ca\/wp-json\/wp\/v2\/posts\/164456"}],"collection":[{"href":"https:\/\/comunicacion.umh.es\/ca\/wp-json\/wp\/v2\/posts"}],"about":[{"href":"https:\/\/comunicacion.umh.es\/ca\/wp-json\/wp\/v2\/types\/post"}],"author":[{"embeddable":true,"href":"https:\/\/comunicacion.umh.es\/ca\/wp-json\/wp\/v2\/users\/23263"}],"replies":[{"embeddable":true,"href":"https:\/\/comunicacion.umh.es\/ca\/wp-json\/wp\/v2\/comments?post=164456"}],"version-history":[{"count":0,"href":"https:\/\/comunicacion.umh.es\/ca\/wp-json\/wp\/v2\/posts\/164456\/revisions"}],"wp:attachment":[{"href":"https:\/\/comunicacion.umh.es\/ca\/wp-json\/wp\/v2\/media?parent=164456"}],"wp:term":[{"taxonomy":"category","embeddable":true,"href":"https:\/\/comunicacion.umh.es\/ca\/wp-json\/wp\/v2\/categories?post=164456"},{"taxonomy":"post_tag","embeddable":true,"href":"https:\/\/comunicacion.umh.es\/ca\/wp-json\/wp\/v2\/tags?post=164456"}],"curies":[{"name":"wp","href":"https:\/\/api.w.org\/{rel}","templated":true}]}}