{"id":164474,"date":"2023-05-18T12:11:34","date_gmt":"2023-05-18T10:11:34","guid":{"rendered":"https:\/\/comunicacion.umh.es\/?p=164474"},"modified":"2023-05-18T12:11:34","modified_gmt":"2023-05-18T10:11:34","slug":"la-transmision-del-covid-19-al-feto-afectaria-al-desarrollo-del-cerebro-y-a-la-memoria-segun-un-estudio-del-instituto-de-neurociencias-umh-csic","status":"publish","type":"post","link":"https:\/\/comunicacion.umh.es\/ca\/2023\/05\/18\/la-transmision-del-covid-19-al-feto-afectaria-al-desarrollo-del-cerebro-y-a-la-memoria-segun-un-estudio-del-instituto-de-neurociencias-umh-csic\/","title":{"rendered":"<span lang=\"es\">(Espa\u00f1ol) La transmisi\u00f3n del COVID-19 al feto afectar\u00eda al desarrollo del cerebro y a la memoria, seg\u00fan un estudio del Instituto de Neurociencias UMH-CSIC<\/span>"},"content":{"rendered":"<p class=\"qtranxs-available-languages-message qtranxs-available-languages-message-ca\">Ho sent, per\u00f2 aquesta entrada nom\u00e9s est\u00e0 disponible en <a href=\"https:\/\/comunicacion.umh.es\/es\/wp-json\/wp\/v2\/posts\/164474\" class=\"qtranxs-available-language-link qtranxs-available-language-link-es\" title=\"Espa\u00f1ol\">Espanyol Europeu<\/a>.<\/p>","protected":false},"excerpt":{"rendered":"<p>Ho sent, per\u00f2 aquesta entrada nom\u00e9s est\u00e0 disponible en Espanyol Europeu.<\/p>\n","protected":false},"author":23263,"featured_media":0,"comment_status":"closed","ping_status":"open","sticky":false,"template":"","format":"standard","meta":{"ngg_post_thumbnail":0,"_links_to":"","_links_to_target":""},"categories":[43],"tags":[],"_links":{"self":[{"href":"https:\/\/comunicacion.umh.es\/ca\/wp-json\/wp\/v2\/posts\/164474"}],"collection":[{"href":"https:\/\/comunicacion.umh.es\/ca\/wp-json\/wp\/v2\/posts"}],"about":[{"href":"https:\/\/comunicacion.umh.es\/ca\/wp-json\/wp\/v2\/types\/post"}],"author":[{"embeddable":true,"href":"https:\/\/comunicacion.umh.es\/ca\/wp-json\/wp\/v2\/users\/23263"}],"replies":[{"embeddable":true,"href":"https:\/\/comunicacion.umh.es\/ca\/wp-json\/wp\/v2\/comments?post=164474"}],"version-history":[{"count":0,"href":"https:\/\/comunicacion.umh.es\/ca\/wp-json\/wp\/v2\/posts\/164474\/revisions"}],"wp:attachment":[{"href":"https:\/\/comunicacion.umh.es\/ca\/wp-json\/wp\/v2\/media?parent=164474"}],"wp:term":[{"taxonomy":"category","embeddable":true,"href":"https:\/\/comunicacion.umh.es\/ca\/wp-json\/wp\/v2\/categories?post=164474"},{"taxonomy":"post_tag","embeddable":true,"href":"https:\/\/comunicacion.umh.es\/ca\/wp-json\/wp\/v2\/tags?post=164474"}],"curies":[{"name":"wp","href":"https:\/\/api.w.org\/{rel}","templated":true}]}}