{"id":164900,"date":"2023-06-08T11:35:24","date_gmt":"2023-06-08T09:35:24","guid":{"rendered":"https:\/\/comunicacion.umh.es\/?p=164900"},"modified":"2023-06-08T13:24:31","modified_gmt":"2023-06-08T11:24:31","slug":"nueve-grados-de-la-umh-se-situan-por-encima-del-80-en-insercion-laboral-segun-el-ranking-de-la-fundacion-bbva-y-el-ivie","status":"publish","type":"post","link":"https:\/\/comunicacion.umh.es\/ca\/2023\/06\/08\/nueve-grados-de-la-umh-se-situan-por-encima-del-80-en-insercion-laboral-segun-el-ranking-de-la-fundacion-bbva-y-el-ivie\/","title":{"rendered":"<span lang=\"es\">(Espa\u00f1ol) Nueve grados de la UMH se sit\u00faan por encima del 80% en inserci\u00f3n laboral, seg\u00fan el ranking de la Fundaci\u00f3n BBVA y el IVIE<\/span>"},"content":{"rendered":"<p class=\"qtranxs-available-languages-message qtranxs-available-languages-message-ca\">Ho sent, per\u00f2 aquesta entrada nom\u00e9s est\u00e0 disponible en <a href=\"https:\/\/comunicacion.umh.es\/es\/wp-json\/wp\/v2\/posts\/164900\" class=\"qtranxs-available-language-link qtranxs-available-language-link-es\" title=\"Espa\u00f1ol\">Espanyol Europeu<\/a>.<\/p>","protected":false},"excerpt":{"rendered":"<p>Ho sent, per\u00f2 aquesta entrada nom\u00e9s est\u00e0 disponible en Espanyol Europeu.<\/p>\n","protected":false},"author":12992,"featured_media":0,"comment_status":"closed","ping_status":"open","sticky":false,"template":"","format":"standard","meta":{"ngg_post_thumbnail":0,"_links_to":"","_links_to_target":""},"categories":[43],"tags":[],"_links":{"self":[{"href":"https:\/\/comunicacion.umh.es\/ca\/wp-json\/wp\/v2\/posts\/164900"}],"collection":[{"href":"https:\/\/comunicacion.umh.es\/ca\/wp-json\/wp\/v2\/posts"}],"about":[{"href":"https:\/\/comunicacion.umh.es\/ca\/wp-json\/wp\/v2\/types\/post"}],"author":[{"embeddable":true,"href":"https:\/\/comunicacion.umh.es\/ca\/wp-json\/wp\/v2\/users\/12992"}],"replies":[{"embeddable":true,"href":"https:\/\/comunicacion.umh.es\/ca\/wp-json\/wp\/v2\/comments?post=164900"}],"version-history":[{"count":0,"href":"https:\/\/comunicacion.umh.es\/ca\/wp-json\/wp\/v2\/posts\/164900\/revisions"}],"wp:attachment":[{"href":"https:\/\/comunicacion.umh.es\/ca\/wp-json\/wp\/v2\/media?parent=164900"}],"wp:term":[{"taxonomy":"category","embeddable":true,"href":"https:\/\/comunicacion.umh.es\/ca\/wp-json\/wp\/v2\/categories?post=164900"},{"taxonomy":"post_tag","embeddable":true,"href":"https:\/\/comunicacion.umh.es\/ca\/wp-json\/wp\/v2\/tags?post=164900"}],"curies":[{"name":"wp","href":"https:\/\/api.w.org\/{rel}","templated":true}]}}