{"id":164981,"date":"2023-06-13T08:57:48","date_gmt":"2023-06-13T06:57:48","guid":{"rendered":"https:\/\/comunicacion.umh.es\/?p=164981"},"modified":"2023-06-13T08:57:48","modified_gmt":"2023-06-13T06:57:48","slug":"profesores-de-la-umh-colaboran-en-la-publicacion-de-una-monografia-sobre-cambio-climatico-y-medidas-para-la-reduccion-del-co2","status":"publish","type":"post","link":"https:\/\/comunicacion.umh.es\/ca\/2023\/06\/13\/profesores-de-la-umh-colaboran-en-la-publicacion-de-una-monografia-sobre-cambio-climatico-y-medidas-para-la-reduccion-del-co2\/","title":{"rendered":"<span lang=\"es\">(Espa\u00f1ol) Profesores de la UMH colaboran en la publicaci\u00f3n de una monograf\u00eda sobre cambio clim\u00e1tico y medidas para la reducci\u00f3n del CO2<\/span>"},"content":{"rendered":"<p class=\"qtranxs-available-languages-message qtranxs-available-languages-message-ca\">Ho sent, per\u00f2 aquesta entrada nom\u00e9s est\u00e0 disponible en <a href=\"https:\/\/comunicacion.umh.es\/es\/wp-json\/wp\/v2\/posts\/164981\" class=\"qtranxs-available-language-link qtranxs-available-language-link-es\" title=\"Espa\u00f1ol\">Espanyol Europeu<\/a>.<\/p>","protected":false},"excerpt":{"rendered":"<p>Ho sent, per\u00f2 aquesta entrada nom\u00e9s est\u00e0 disponible en Espanyol Europeu.<\/p>\n","protected":false},"author":23263,"featured_media":0,"comment_status":"closed","ping_status":"open","sticky":false,"template":"","format":"standard","meta":{"ngg_post_thumbnail":0,"_links_to":"","_links_to_target":""},"categories":[43],"tags":[],"_links":{"self":[{"href":"https:\/\/comunicacion.umh.es\/ca\/wp-json\/wp\/v2\/posts\/164981"}],"collection":[{"href":"https:\/\/comunicacion.umh.es\/ca\/wp-json\/wp\/v2\/posts"}],"about":[{"href":"https:\/\/comunicacion.umh.es\/ca\/wp-json\/wp\/v2\/types\/post"}],"author":[{"embeddable":true,"href":"https:\/\/comunicacion.umh.es\/ca\/wp-json\/wp\/v2\/users\/23263"}],"replies":[{"embeddable":true,"href":"https:\/\/comunicacion.umh.es\/ca\/wp-json\/wp\/v2\/comments?post=164981"}],"version-history":[{"count":0,"href":"https:\/\/comunicacion.umh.es\/ca\/wp-json\/wp\/v2\/posts\/164981\/revisions"}],"wp:attachment":[{"href":"https:\/\/comunicacion.umh.es\/ca\/wp-json\/wp\/v2\/media?parent=164981"}],"wp:term":[{"taxonomy":"category","embeddable":true,"href":"https:\/\/comunicacion.umh.es\/ca\/wp-json\/wp\/v2\/categories?post=164981"},{"taxonomy":"post_tag","embeddable":true,"href":"https:\/\/comunicacion.umh.es\/ca\/wp-json\/wp\/v2\/tags?post=164981"}],"curies":[{"name":"wp","href":"https:\/\/api.w.org\/{rel}","templated":true}]}}