{"id":165718,"date":"2023-07-11T11:30:18","date_gmt":"2023-07-11T09:30:18","guid":{"rendered":"https:\/\/comunicacion.umh.es\/?p=165718"},"modified":"2023-07-11T12:53:47","modified_gmt":"2023-07-11T10:53:47","slug":"repulsa-de-la-umh-a-la-injustificable-tardia-y-extemporanea-decision-de-la-generalitat-valenciana-de-denegar-la-titulacion-de-enfermeria-en-la-umh","status":"publish","type":"post","link":"https:\/\/comunicacion.umh.es\/ca\/2023\/07\/11\/repulsa-de-la-umh-a-la-injustificable-tardia-y-extemporanea-decision-de-la-generalitat-valenciana-de-denegar-la-titulacion-de-enfermeria-en-la-umh\/","title":{"rendered":"<span lang=\"es\">(Espa\u00f1ol) Repulsa de la UMH a la injustificable, tard\u00eda y extempor\u00e1nea decisi\u00f3n de la Generalitat Valenciana de denegar la titulaci\u00f3n de Enfermer\u00eda en la UMH<\/span>"},"content":{"rendered":"<p class=\"qtranxs-available-languages-message qtranxs-available-languages-message-ca\">Ho sent, per\u00f2 aquesta entrada nom\u00e9s est\u00e0 disponible en <a href=\"https:\/\/comunicacion.umh.es\/es\/wp-json\/wp\/v2\/posts\/165718\" class=\"qtranxs-available-language-link qtranxs-available-language-link-es\" title=\"Espa\u00f1ol\">Espanyol Europeu<\/a>.<\/p>","protected":false},"excerpt":{"rendered":"<p>Ho sent, per\u00f2 aquesta entrada nom\u00e9s est\u00e0 disponible en Espanyol Europeu.<\/p>\n","protected":false},"author":2693,"featured_media":0,"comment_status":"closed","ping_status":"open","sticky":false,"template":"","format":"standard","meta":{"ngg_post_thumbnail":0,"_links_to":"","_links_to_target":""},"categories":[3381],"tags":[],"_links":{"self":[{"href":"https:\/\/comunicacion.umh.es\/ca\/wp-json\/wp\/v2\/posts\/165718"}],"collection":[{"href":"https:\/\/comunicacion.umh.es\/ca\/wp-json\/wp\/v2\/posts"}],"about":[{"href":"https:\/\/comunicacion.umh.es\/ca\/wp-json\/wp\/v2\/types\/post"}],"author":[{"embeddable":true,"href":"https:\/\/comunicacion.umh.es\/ca\/wp-json\/wp\/v2\/users\/2693"}],"replies":[{"embeddable":true,"href":"https:\/\/comunicacion.umh.es\/ca\/wp-json\/wp\/v2\/comments?post=165718"}],"version-history":[{"count":0,"href":"https:\/\/comunicacion.umh.es\/ca\/wp-json\/wp\/v2\/posts\/165718\/revisions"}],"wp:attachment":[{"href":"https:\/\/comunicacion.umh.es\/ca\/wp-json\/wp\/v2\/media?parent=165718"}],"wp:term":[{"taxonomy":"category","embeddable":true,"href":"https:\/\/comunicacion.umh.es\/ca\/wp-json\/wp\/v2\/categories?post=165718"},{"taxonomy":"post_tag","embeddable":true,"href":"https:\/\/comunicacion.umh.es\/ca\/wp-json\/wp\/v2\/tags?post=165718"}],"curies":[{"name":"wp","href":"https:\/\/api.w.org\/{rel}","templated":true}]}}