{"id":166066,"date":"2023-07-25T10:41:05","date_gmt":"2023-07-25T08:41:05","guid":{"rendered":"https:\/\/comunicacion.umh.es\/?p=166066"},"modified":"2023-07-25T13:22:34","modified_gmt":"2023-07-25T11:22:34","slug":"las-universidades-publicas-valencianas-se-reunen-a-la-uji-para-avanzar-conjuntamente-en-materia-de-igualdad-y-diversidades","status":"publish","type":"post","link":"https:\/\/comunicacion.umh.es\/ca\/2023\/07\/25\/las-universidades-publicas-valencianas-se-reunen-a-la-uji-para-avanzar-conjuntamente-en-materia-de-igualdad-y-diversidades\/","title":{"rendered":"Les universitats p\u00fabliques valencianes es reuneixen a l\u2019UJI per a avan\u00e7ar conjuntament en mat\u00e8ria d\u2019igualtat i diversitats"},"content":{"rendered":"<p><\/p>\n<p style=\"text-align: justify\">La Xarxa d\u2019Universitats P\u00fabliques Valencianes per la Igualtat i les Diversitats, de la qual forma part la Universitat Miguel Hern\u00e1ndez (UMH) d\u2019Elx s\u2019ha reunit a la Universitat Jaume I (UJI) amb l&#8217;objectiu d&#8217;analitzar i valorar les l\u00ednies d&#8217;acci\u00f3 comunes que \u00e9s necessari impulsar als campus universitaris per al pr\u00f2xim curs acad\u00e8mic. Tamb\u00e9, per a identificar aquelles iniciatives i accions que, de manera coordinada, pot compartir el sistema valenci\u00e0 p\u00fablic universitari en mat\u00e8ria d&#8217;igualtat i diversitats. A la reuni\u00f3 ha estat present la vicerectora de Cultura, Igualtat i Diversitat de la UMH, Asunci\u00f3n Amor\u00f3s.<!--more--><\/p>\n<div id=\"attachment_166068\" style=\"width: 310px\" class=\"wp-caption alignleft\"><a href=\"https:\/\/comunicacion.umh.es\/files\/2023\/07\/25-07-23-igualtat-universidades-publicas-valencianas-scaled.jpg\"><img aria-describedby=\"caption-attachment-166068\" loading=\"lazy\" class=\"size-medium wp-image-166068\" src=\"https:\/\/comunicacion.umh.es\/files\/2023\/07\/25-07-23-igualtat-universidades-publicas-valencianas-300x200.jpg\" alt=\"\" width=\"300\" height=\"200\" srcset=\"https:\/\/comunicacion.umh.es\/files\/2023\/07\/25-07-23-igualtat-universidades-publicas-valencianas-300x200.jpg 300w, https:\/\/comunicacion.umh.es\/files\/2023\/07\/25-07-23-igualtat-universidades-publicas-valencianas-1024x683.jpg 1024w, https:\/\/comunicacion.umh.es\/files\/2023\/07\/25-07-23-igualtat-universidades-publicas-valencianas-768x512.jpg 768w, https:\/\/comunicacion.umh.es\/files\/2023\/07\/25-07-23-igualtat-universidades-publicas-valencianas-1536x1025.jpg 1536w, https:\/\/comunicacion.umh.es\/files\/2023\/07\/25-07-23-igualtat-universidades-publicas-valencianas-2048x1366.jpg 2048w\" sizes=\"(max-width: 300px) 100vw, 300px\" \/><\/a><p id=\"caption-attachment-166068\" class=\"wp-caption-text\"><em>Fuente: UMH.<\/em><\/p><\/div>\n<p style=\"text-align: justify\">Aquesta Xarxa es va constituir el 26 d\u2019abril de 2023 amb la finalitat de facilitar la coordinaci\u00f3 en els temes d\u2019inter\u00e8s com\u00fa i dels reptes que el desplegament que la LOSU implica per a les universitats en mat\u00e8ria d&#8217;igualtat i diversitat, a m\u00e9s d\u2019afavorir la interlocuci\u00f3 conjunta amb la Generalitat Valenciana per a una actuaci\u00f3 coordinada, eficient, sostenible i socialment responsable. La rectora de l\u2019UJI, Eva Alc\u00f3n, ha donat la benvinguda a totes les persones participants en aquesta jornada de treball i els ha traslladat la voluntat de compartir les conclusions amb la resta del sistema universitari.<\/p>\n<p style=\"text-align: justify\">M\u00e9s de 20 t\u00e8cnics i t\u00e8cniques, liderades per les cinc vicerectores amb compet\u00e8ncia en igualtat i diversitats de les universitats p\u00fabliques valencianes, han participat en la reuni\u00f3 per a avan\u00e7ar en la coordinaci\u00f3 en igualtat efectiva entre dones i homes, diversitat funcional i discapacitat, diversitat afectiusexual i identitats diverses, i en diversitat cultural i les seues manifestacions, diversitat de proced\u00e8ncia o origen diferenciat de la majoria hegem\u00f2nica.<\/p>\n<p style=\"text-align: justify\">L&#8217;actuaci\u00f3 de la Xarxa permetr\u00e0 avan\u00e7ar en l&#8217;objectiu com\u00fa de no deixar a ning\u00fa arrere en l\u00ednia amb els Objectius de Desenvolupament Sostenible. Aix\u00ed, amb aquesta Xarxa es contribuir\u00e0 al ODS 4 que aspira a proporcionar una educaci\u00f3 equitativa i inclusiva de qualitat, i oportunitats d\u2019aprenentatge per a totes i tots; al ODS 5, per a aconseguir la igualtat entre els sexes i apoderar a totes les dones i xiquetes; i al ODS 10 de reducci\u00f3 de desigualtats.<\/p>\n<p>&nbsp;<\/p>","protected":false},"excerpt":{"rendered":"<p>La Xarxa d\u2019Universitats P\u00fabliques Valencianes per la Igualtat i les Diversitats, de la qual forma part la Universitat Miguel Hern\u00e1ndez (UMH) d\u2019Elx s\u2019ha reunit a la Universitat Jaume I (UJI) amb l&#8217;objectiu d&#8217;analitzar i valorar les l\u00ednies d&#8217;acci\u00f3 comunes que \u00e9s necessari impulsar als campus universitaris per al pr\u00f2xim curs acad\u00e8mic. Tamb\u00e9, per a identificar [&#8230;]<\/p>\n","protected":false},"author":2693,"featured_media":0,"comment_status":"closed","ping_status":"open","sticky":false,"template":"","format":"standard","meta":{"ngg_post_thumbnail":0,"_links_to":"","_links_to_target":""},"categories":[43],"tags":[],"_links":{"self":[{"href":"https:\/\/comunicacion.umh.es\/ca\/wp-json\/wp\/v2\/posts\/166066"}],"collection":[{"href":"https:\/\/comunicacion.umh.es\/ca\/wp-json\/wp\/v2\/posts"}],"about":[{"href":"https:\/\/comunicacion.umh.es\/ca\/wp-json\/wp\/v2\/types\/post"}],"author":[{"embeddable":true,"href":"https:\/\/comunicacion.umh.es\/ca\/wp-json\/wp\/v2\/users\/2693"}],"replies":[{"embeddable":true,"href":"https:\/\/comunicacion.umh.es\/ca\/wp-json\/wp\/v2\/comments?post=166066"}],"version-history":[{"count":0,"href":"https:\/\/comunicacion.umh.es\/ca\/wp-json\/wp\/v2\/posts\/166066\/revisions"}],"wp:attachment":[{"href":"https:\/\/comunicacion.umh.es\/ca\/wp-json\/wp\/v2\/media?parent=166066"}],"wp:term":[{"taxonomy":"category","embeddable":true,"href":"https:\/\/comunicacion.umh.es\/ca\/wp-json\/wp\/v2\/categories?post=166066"},{"taxonomy":"post_tag","embeddable":true,"href":"https:\/\/comunicacion.umh.es\/ca\/wp-json\/wp\/v2\/tags?post=166066"}],"curies":[{"name":"wp","href":"https:\/\/api.w.org\/{rel}","templated":true}]}}