{"id":166085,"date":"2023-07-26T09:50:39","date_gmt":"2023-07-26T07:50:39","guid":{"rendered":"https:\/\/comunicacion.umh.es\/?p=166085"},"modified":"2023-07-26T11:20:34","modified_gmt":"2023-07-26T09:20:34","slug":"el-coambcv-y-el-pcumh-colaboran-para-impulsar-la-innovacion-y-el-emprendimiento-en-el-sector-de-la-sostenibilidad-y-el-medio-ambiente","status":"publish","type":"post","link":"https:\/\/comunicacion.umh.es\/ca\/2023\/07\/26\/el-coambcv-y-el-pcumh-colaboran-para-impulsar-la-innovacion-y-el-emprendimiento-en-el-sector-de-la-sostenibilidad-y-el-medio-ambiente\/","title":{"rendered":"<span lang=\"es\">(Espa\u00f1ol) El CoAmbCV y el PCUMH colaboran para impulsar la innovaci\u00f3n y el emprendimiento en el sector de la sostenibilidad y el medio ambiente<\/span>"},"content":{"rendered":"<p class=\"qtranxs-available-languages-message qtranxs-available-languages-message-ca\">Ho sent, per\u00f2 aquesta entrada nom\u00e9s est\u00e0 disponible en <a href=\"https:\/\/comunicacion.umh.es\/es\/wp-json\/wp\/v2\/posts\/166085\" class=\"qtranxs-available-language-link qtranxs-available-language-link-es\" title=\"Espa\u00f1ol\">Espanyol Europeu<\/a>.<\/p>","protected":false},"excerpt":{"rendered":"<p>Ho sent, per\u00f2 aquesta entrada nom\u00e9s est\u00e0 disponible en Espanyol Europeu.<\/p>\n","protected":false},"author":11426,"featured_media":0,"comment_status":"closed","ping_status":"open","sticky":false,"template":"","format":"standard","meta":{"ngg_post_thumbnail":0,"_links_to":"","_links_to_target":""},"categories":[43],"tags":[],"_links":{"self":[{"href":"https:\/\/comunicacion.umh.es\/ca\/wp-json\/wp\/v2\/posts\/166085"}],"collection":[{"href":"https:\/\/comunicacion.umh.es\/ca\/wp-json\/wp\/v2\/posts"}],"about":[{"href":"https:\/\/comunicacion.umh.es\/ca\/wp-json\/wp\/v2\/types\/post"}],"author":[{"embeddable":true,"href":"https:\/\/comunicacion.umh.es\/ca\/wp-json\/wp\/v2\/users\/11426"}],"replies":[{"embeddable":true,"href":"https:\/\/comunicacion.umh.es\/ca\/wp-json\/wp\/v2\/comments?post=166085"}],"version-history":[{"count":0,"href":"https:\/\/comunicacion.umh.es\/ca\/wp-json\/wp\/v2\/posts\/166085\/revisions"}],"wp:attachment":[{"href":"https:\/\/comunicacion.umh.es\/ca\/wp-json\/wp\/v2\/media?parent=166085"}],"wp:term":[{"taxonomy":"category","embeddable":true,"href":"https:\/\/comunicacion.umh.es\/ca\/wp-json\/wp\/v2\/categories?post=166085"},{"taxonomy":"post_tag","embeddable":true,"href":"https:\/\/comunicacion.umh.es\/ca\/wp-json\/wp\/v2\/tags?post=166085"}],"curies":[{"name":"wp","href":"https:\/\/api.w.org\/{rel}","templated":true}]}}