{"id":166447,"date":"2023-09-14T11:00:51","date_gmt":"2023-09-14T09:00:51","guid":{"rendered":"https:\/\/comunicacion.umh.es\/?p=166447"},"modified":"2023-09-14T11:06:47","modified_gmt":"2023-09-14T09:06:47","slug":"la-caza-ilegal-dificulta-la-recuperacion-de-la-cerceta-pardilla-el-pato-mas-amenazado-de-europa-segun-un-estudio-de-la-umh","status":"publish","type":"post","link":"https:\/\/comunicacion.umh.es\/ca\/2023\/09\/14\/la-caza-ilegal-dificulta-la-recuperacion-de-la-cerceta-pardilla-el-pato-mas-amenazado-de-europa-segun-un-estudio-de-la-umh\/","title":{"rendered":"<span lang=\"es\">(Espa\u00f1ol) La caza ilegal dificulta la recuperaci\u00f3n de la cerceta pardilla, el pato m\u00e1s amenazado de Europa, seg\u00fan un estudio de la UMH<\/span>"},"content":{"rendered":"<p class=\"qtranxs-available-languages-message qtranxs-available-languages-message-ca\">Ho sent, per\u00f2 aquesta entrada nom\u00e9s est\u00e0 disponible en <a href=\"https:\/\/comunicacion.umh.es\/es\/wp-json\/wp\/v2\/posts\/166447\" class=\"qtranxs-available-language-link qtranxs-available-language-link-es\" title=\"Espa\u00f1ol\">Espanyol Europeu<\/a>.<\/p>","protected":false},"excerpt":{"rendered":"<p>Ho sent, per\u00f2 aquesta entrada nom\u00e9s est\u00e0 disponible en Espanyol Europeu.<\/p>\n","protected":false},"author":25740,"featured_media":0,"comment_status":"closed","ping_status":"open","sticky":false,"template":"","format":"standard","meta":{"ngg_post_thumbnail":0,"_links_to":"","_links_to_target":""},"categories":[43],"tags":[],"_links":{"self":[{"href":"https:\/\/comunicacion.umh.es\/ca\/wp-json\/wp\/v2\/posts\/166447"}],"collection":[{"href":"https:\/\/comunicacion.umh.es\/ca\/wp-json\/wp\/v2\/posts"}],"about":[{"href":"https:\/\/comunicacion.umh.es\/ca\/wp-json\/wp\/v2\/types\/post"}],"author":[{"embeddable":true,"href":"https:\/\/comunicacion.umh.es\/ca\/wp-json\/wp\/v2\/users\/25740"}],"replies":[{"embeddable":true,"href":"https:\/\/comunicacion.umh.es\/ca\/wp-json\/wp\/v2\/comments?post=166447"}],"version-history":[{"count":0,"href":"https:\/\/comunicacion.umh.es\/ca\/wp-json\/wp\/v2\/posts\/166447\/revisions"}],"wp:attachment":[{"href":"https:\/\/comunicacion.umh.es\/ca\/wp-json\/wp\/v2\/media?parent=166447"}],"wp:term":[{"taxonomy":"category","embeddable":true,"href":"https:\/\/comunicacion.umh.es\/ca\/wp-json\/wp\/v2\/categories?post=166447"},{"taxonomy":"post_tag","embeddable":true,"href":"https:\/\/comunicacion.umh.es\/ca\/wp-json\/wp\/v2\/tags?post=166447"}],"curies":[{"name":"wp","href":"https:\/\/api.w.org\/{rel}","templated":true}]}}