{"id":168215,"date":"2023-10-26T11:54:19","date_gmt":"2023-10-26T09:54:19","guid":{"rendered":"https:\/\/comunicacion.umh.es\/?p=168215"},"modified":"2023-10-26T11:54:19","modified_gmt":"2023-10-26T09:54:19","slug":"la-umh-acoge-los-cursos-el-sonido-historico-de-la-festa-y-aproximacion-al-misteri-delx-a-traves-de-sus-fuentes","status":"publish","type":"post","link":"https:\/\/comunicacion.umh.es\/ca\/2023\/10\/26\/la-umh-acoge-los-cursos-el-sonido-historico-de-la-festa-y-aproximacion-al-misteri-delx-a-traves-de-sus-fuentes\/","title":{"rendered":"<span lang=\"es\">(Espa\u00f1ol) La UMH acoge los cursos \u2018El sonido hist\u00f3rico de la Festa\u2019 y \u2018Aproximaci\u00f3n al Misteri d&#8217;Elx a trav\u00e9s de sus fuentes\u2019<\/span>"},"content":{"rendered":"<p class=\"qtranxs-available-languages-message qtranxs-available-languages-message-ca\">Ho sent, per\u00f2 aquesta entrada nom\u00e9s est\u00e0 disponible en <a href=\"https:\/\/comunicacion.umh.es\/es\/wp-json\/wp\/v2\/posts\/168215\" class=\"qtranxs-available-language-link qtranxs-available-language-link-es\" title=\"Espa\u00f1ol\">Espanyol Europeu<\/a>.<\/p>","protected":false},"excerpt":{"rendered":"<p>Ho sent, per\u00f2 aquesta entrada nom\u00e9s est\u00e0 disponible en Espanyol Europeu.<\/p>\n","protected":false},"author":2693,"featured_media":0,"comment_status":"closed","ping_status":"open","sticky":false,"template":"","format":"standard","meta":{"ngg_post_thumbnail":0,"_links_to":"","_links_to_target":""},"categories":[43],"tags":[],"_links":{"self":[{"href":"https:\/\/comunicacion.umh.es\/ca\/wp-json\/wp\/v2\/posts\/168215"}],"collection":[{"href":"https:\/\/comunicacion.umh.es\/ca\/wp-json\/wp\/v2\/posts"}],"about":[{"href":"https:\/\/comunicacion.umh.es\/ca\/wp-json\/wp\/v2\/types\/post"}],"author":[{"embeddable":true,"href":"https:\/\/comunicacion.umh.es\/ca\/wp-json\/wp\/v2\/users\/2693"}],"replies":[{"embeddable":true,"href":"https:\/\/comunicacion.umh.es\/ca\/wp-json\/wp\/v2\/comments?post=168215"}],"version-history":[{"count":0,"href":"https:\/\/comunicacion.umh.es\/ca\/wp-json\/wp\/v2\/posts\/168215\/revisions"}],"wp:attachment":[{"href":"https:\/\/comunicacion.umh.es\/ca\/wp-json\/wp\/v2\/media?parent=168215"}],"wp:term":[{"taxonomy":"category","embeddable":true,"href":"https:\/\/comunicacion.umh.es\/ca\/wp-json\/wp\/v2\/categories?post=168215"},{"taxonomy":"post_tag","embeddable":true,"href":"https:\/\/comunicacion.umh.es\/ca\/wp-json\/wp\/v2\/tags?post=168215"}],"curies":[{"name":"wp","href":"https:\/\/api.w.org\/{rel}","templated":true}]}}